{"id":19682,"date":"2021-05-26T19:15:30","date_gmt":"2021-05-26T22:15:30","guid":{"rendered":"https:\/\/blogs.correiobraziliense.com.br\/servidor\/?p=19682"},"modified":"2021-05-26T19:15:30","modified_gmt":"2021-05-26T22:15:30","slug":"policiais-federais-defendem-rejeicao-da-reforma-administrativa-na-comissao-especial","status":"publish","type":"post","link":"https:\/\/blogs.correiobraziliense.com.br\/servidor\/policiais-federais-defendem-rejeicao-da-reforma-administrativa-na-comissao-especial\/","title":{"rendered":"Policiais federais defendem rejei\u00e7\u00e3o da reforma administrativa na Comiss\u00e3o  Especial"},"content":{"rendered":"<p><em><strong>Para o presidente da Federa\u00e7\u00e3o Nacional dos Policiais Federais (Fenapef), Lu\u00eds Ant\u00f4nio Boudens, o ideal \u00e9 reiniciar a discuss\u00e3o com dados consolidados e n\u00e3o remendar o texto<\/strong><\/em><\/p>\n<p><img loading=\"lazy\" decoding=\"async\" class=\"size-full wp-image-19684 aligncenter\" src=\"https:\/\/blogs.correiobraziliense.com.br\/servidor\/wp-content\/uploads\/sites\/10\/2021\/05\/policial-federal.jpeg\" alt=\"\" width=\"768\" height=\"576\" \/><\/p>\n<p>A Federa\u00e7\u00e3o Nacional dos Policiais Federais (Fenapef) vai se unir a outras entidades representativas de servidores p\u00fablicos para tentar derrubar a reforma administrativa na Comiss\u00e3o Especial que analisar\u00e1 a proposta. \u201cNossa estrat\u00e9gia \u00e9 fazer com que o debate do m\u00e9rito seja um momento de reflex\u00e3o de todos os parlamentares brasileiros, at\u00e9 que a Proposta de Emenda Constitucional (PEC 32\/2020) seja rejeitada\u201d, destacou o presidente da entidade, Lu\u00eds Ant\u00f4nio Boudens.<\/p>\n<p>&#8220;Politicamente, todos pensam na adequa\u00e7\u00e3o do texto por meio de ajustes na Comiss\u00e3o Especial. Mas o ideal \u00e9 que o governo federal reinicie essa discuss\u00e3o a partir de debates consolidados com os setores da economia, inclusive os setores p\u00fablicos&#8221;, acrescentou.<\/p>\n<p>Boudens explica que o placar apertado na vota\u00e7\u00e3o dessa ter\u00e7a-feira (25), na Comiss\u00e3o de Constitui\u00e7\u00e3o e Justi\u00e7a da C\u00e2mara dos Deputados (CCJ) antecipa a dificuldade que a reforma enfrentar\u00e1 at\u00e9 a aprova\u00e7\u00e3o final no Congresso. Foram 39 votos favor\u00e1veis contra 26. E, ainda assim, o pr\u00f3prio relator, deputado Darci de Matos (PSD-SC), apresentou tr\u00eas supress\u00f5es ao texto original, encaminhado pelo Executivo.<\/p>\n<p>Na CCJ, os parlamentares apreciam apenas a constitucionalidade da mat\u00e9ria. O m\u00e9rito \u2013 ou seja, as altera\u00e7\u00f5es que o texto prop\u00f5e \u2013 ser\u00e3o analisadas daqui para a frente.<\/p>\n<p>Os policiais federais reclamam da falta de clareza em v\u00e1rios itens. \u201cN\u00e3o foram apresentados dados que demonstrem como a reforma impactaria as contas p\u00fablicas\u201d, por exemplo, explica Boudens. O projeto apresentado n\u00e3o tra\u00e7a um diagn\u00f3stico dos problemas da m\u00e1quina p\u00fablica que pretende solucionar.<\/p>\n<p>H\u00e1 ainda uma s\u00e9rie de problemas no texto, como a falta de seguran\u00e7a jur\u00eddica, o desrespeito \u00e0s regras estabelecidas pelo texto constitucional, defini\u00e7\u00e3o sobre que Estado o pa\u00eds pretende, a qualidade de servi\u00e7os p\u00fablicos que ser\u00e3o oferecidos ao cidad\u00e3o e, sobretudo, isonomia de tratamento entre as diversas carreiras do servi\u00e7o p\u00fablico.<\/p>\n<p>Entidades que representam servidores p\u00fablicos j\u00e1 iniciaram a\u00e7\u00f5es nas redes sociais para defender a rejei\u00e7\u00e3o da proposta ainda na CCJ. Foram organizados tuita\u00e7os e envio de e-mails para os parlamentares da CCJ. Essa mobiliza\u00e7\u00e3o deve prosseguir assim que os trabalhos da Comiss\u00e3o Especial forem iniciados.<\/p>\n<p>Se a proposta de reforma administrativa for aprovada pela comiss\u00e3o especial, ela ainda precisar\u00e1 passar pelo Plen\u00e1rio da C\u00e2mara e pelo Senado Federal.<\/p>\n","protected":false},"excerpt":{"rendered":"<p>Para o presidente da Federa\u00e7\u00e3o Nacional dos Policiais Federais (Fenapef), Lu\u00eds Ant\u00f4nio Boudens, o ideal \u00e9 reiniciar a discuss\u00e3o com dados consolidados e n\u00e3o remendar o texto A Federa\u00e7\u00e3o Nacional dos Policiais Federais (Fenapef) vai se unir a outras entidades representativas de servidores p\u00fablicos para tentar derrubar a reforma administrativa na Comiss\u00e3o Especial que analisar\u00e1 a proposta. \u201cNossa estrat\u00e9gia \u00e9 [&hellip;]<\/p>\n","protected":false},"author":27,"featured_media":0,"comment_status":"open","ping_status":"closed","sticky":false,"template":"","format":"standard","meta":{"footnotes":""},"categories":[2719],"tags":[61,55,2187,4148,5024,2278,107,2254,4693,18943,2776,15938,14474,696],"class_list":["post-19682","post","type-post","status-publish","format-standard","hentry","category-servidor","tag-camara","tag-carreiras","tag-ccj","tag-comissao-especial","tag-constitucionalidade","tag-contas","tag-fenapef","tag-isonomia","tag-maquina","tag-pec32-2020","tag-plenario","tag-reforma-administrativa","tag-seguranca-juridica","tag-senado"],"_links":{"self":[{"href":"https:\/\/blogs.correiobraziliense.com.br\/servidor\/wp-json\/wp\/v2\/posts\/19682","targetHints":{"allow":["GET"]}}],"collection":[{"href":"https:\/\/blogs.correiobraziliense.com.br\/servidor\/wp-json\/wp\/v2\/posts"}],"about":[{"href":"https:\/\/blogs.correiobraziliense.com.br\/servidor\/wp-json\/wp\/v2\/types\/post"}],"author":[{"embeddable":true,"href":"https:\/\/blogs.correiobraziliense.com.br\/servidor\/wp-json\/wp\/v2\/users\/27"}],"replies":[{"embeddable":true,"href":"https:\/\/blogs.correiobraziliense.com.br\/servidor\/wp-json\/wp\/v2\/comments?post=19682"}],"version-history":[{"count":2,"href":"https:\/\/blogs.correiobraziliense.com.br\/servidor\/wp-json\/wp\/v2\/posts\/19682\/revisions"}],"predecessor-version":[{"id":19685,"href":"https:\/\/blogs.correiobraziliense.com.br\/servidor\/wp-json\/wp\/v2\/posts\/19682\/revisions\/19685"}],"wp:attachment":[{"href":"https:\/\/blogs.correiobraziliense.com.br\/servidor\/wp-json\/wp\/v2\/media?parent=19682"}],"wp:term":[{"taxonomy":"category","embeddable":true,"href":"https:\/\/blogs.correiobraziliense.com.br\/servidor\/wp-json\/wp\/v2\/categories?post=19682"},{"taxonomy":"post_tag","embeddable":true,"href":"https:\/\/blogs.correiobraziliense.com.br\/servidor\/wp-json\/wp\/v2\/tags?post=19682"}],"curies":[{"name":"wp","href":"https:\/\/api.w.org\/{rel}","templated":true}]}}