{"id":19669,"date":"2021-05-26T12:00:39","date_gmt":"2021-05-26T15:00:39","guid":{"rendered":"https:\/\/blogs.correiobraziliense.com.br\/servidor\/?p=19669"},"modified":"2021-05-26T12:00:39","modified_gmt":"2021-05-26T15:00:39","slug":"programa-tcucidades-debate-responsabilidade-fiscal-com-municipios-para-evitar-falhas-no-uso-dos-recursos-publicos","status":"publish","type":"post","link":"https:\/\/blogs.correiobraziliense.com.br\/servidor\/programa-tcucidades-debate-responsabilidade-fiscal-com-municipios-para-evitar-falhas-no-uso-dos-recursos-publicos\/","title":{"rendered":"Programa TCU+Cidades debate responsabilidade fiscal com munic\u00edpios para evitar falhas no uso dos recursos p\u00fablicos"},"content":{"rendered":"<p><em><strong>Evento online ser\u00e1 amanh\u00e3 (27), das 10 horas \u00e0s 12 horas, e tem como objetivo passar orienta\u00e7\u00f5es t\u00e9cnicas sobre finan\u00e7as p\u00fablicas e gest\u00e3o fiscal. A iniciativa parte do entendimento de que, muitas vezes, governadores e prefeitos cometem erros involunt\u00e1rios, por desconhecimento, que podem ter graves consequ\u00eancias. Eles correm o risco de ficar ineleg\u00edveis, mesmo n\u00e3o tendo agido de m\u00e1-f\u00e9<\/strong><\/em><\/p>\n<p><img loading=\"lazy\" decoding=\"async\" class=\"alignright size-large wp-image-19670\" src=\"https:\/\/blogs.correiobraziliense.com.br\/servidor\/wp-content\/uploads\/sites\/10\/2021\/05\/tcu-1024x556.png\" alt=\"\" width=\"1024\" height=\"556\" \/><\/p>\n<p>O Tribunal de Contas da Uni\u00e3o (TCU) apresenta Di\u00e1logo P\u00fablico para gestores municipais, pelo Programa\u202fTCU+Cidades. O encontro acontece no dia 27 de maio, das 10h \u00e0s 12h, com foco no tema \u201cGest\u00e3o Fiscal nas Cidades\u201d. Haver\u00e1 transmiss\u00e3o ao vivo pelo\u202fYouTube. Por meio do chat do canal, os participantes poder\u00e3o fazer coment\u00e1rios e enviar perguntas.<\/p>\n<p>O objetivo do evento \u00e9 fornecer\u202finforma\u00e7\u00f5es e orienta\u00e7\u00f5es t\u00e9cnicas\u202fsobre finan\u00e7as p\u00fablicas e responsabilidade fiscal, de acordo com as diretrizes do Programa TCU+Cidades. &#8220;A iniciativa busca atuar pedagogicamente junto aos munic\u00edpios brasileiros, a fim de contribuir com a qualifica\u00e7\u00e3o dos gestores e com a preven\u00e7\u00e3o de falhas que possam prejudicar o melhor uso dos recursos p\u00fablicos&#8221;, informa o TCU.<\/p>\n<p>O vice-presidente do TCU, ministro Bruno Dantas, far\u00e1 a abertura do evento. Na sequ\u00eancia, ser\u00e3o realizados dois pain\u00e9is: Princ\u00edpios da Gest\u00e3o Fiscal e Estrutura da Governan\u00e7a Fiscal. A modera\u00e7\u00e3o estar\u00e1 a cargo do secret\u00e1rio-geral de Controle Externo do TCU, Leonardo Albernaz, e do secret\u00e1rio de Macroavalia\u00e7\u00e3o Governamental, Alessandro Caldeira.<\/p>\n<p>Entre os palestrantes est\u00e3o a secret\u00e1ria municipal de Finan\u00e7as de Salvador, Giovanna Victer, a subsecret\u00e1ria de contabilidade p\u00fablica, Gildenora Milhomem, a diretora de Fiscaliza\u00e7\u00e3o de Planejamento e Or\u00e7amento (Semag\/TCU), Lucieni Pereira da Silva, e o diretor de Fiscaliza\u00e7\u00e3o da Responsabilidade Fiscal (Semag\/TCU), Renato Lima Cavalcante.<\/p>\n<p>As inscri\u00e7\u00f5es j\u00e1 est\u00e3o abertas. Clique\u202faqui\u202fpara realizar a sua.<br \/>\nPara acessar a transmiss\u00e3o no canal no Youtube, clique aqui.<\/p>\n<p><strong>Servi\u00e7o<\/strong>:<br \/>\nDi\u00e1logo P\u00fablico: Gest\u00e3o Fiscal nas Cidades<br \/>\nData: Dia 27\/5<br \/>\nHor\u00e1rio: Das 10h \u00e0s 12h<br \/>\nLocal: Canal do TCU no YouTube<br \/>\nInscri\u00e7\u00f5es: clique aqui.<\/p>\n","protected":false},"excerpt":{"rendered":"<p>Evento online ser\u00e1 amanh\u00e3 (27), das 10 horas \u00e0s 12 horas, e tem como objetivo passar orienta\u00e7\u00f5es t\u00e9cnicas sobre finan\u00e7as p\u00fablicas e gest\u00e3o fiscal. A iniciativa parte do entendimento de que, muitas vezes, governadores e prefeitos cometem erros involunt\u00e1rios, por desconhecimento, que podem ter graves consequ\u00eancias. Eles correm o risco de ficar ineleg\u00edveis, mesmo n\u00e3o tendo agido de m\u00e1-f\u00e9 O [&hellip;]<\/p>\n","protected":false},"author":27,"featured_media":0,"comment_status":"open","ping_status":"closed","sticky":false,"template":"","format":"standard","meta":{"footnotes":""},"categories":[2719],"tags":[18939,67,315,4384,781,944,316,1345,635],"class_list":["post-19669","post","type-post","status-publish","format-standard","hentry","category-servidor","tag-financas-publicas","tag-fiscal","tag-gestao","tag-gestores","tag-inscricoes","tag-municipios","tag-recursos","tag-responsabilidade","tag-tcu"],"_links":{"self":[{"href":"https:\/\/blogs.correiobraziliense.com.br\/servidor\/wp-json\/wp\/v2\/posts\/19669","targetHints":{"allow":["GET"]}}],"collection":[{"href":"https:\/\/blogs.correiobraziliense.com.br\/servidor\/wp-json\/wp\/v2\/posts"}],"about":[{"href":"https:\/\/blogs.correiobraziliense.com.br\/servidor\/wp-json\/wp\/v2\/types\/post"}],"author":[{"embeddable":true,"href":"https:\/\/blogs.correiobraziliense.com.br\/servidor\/wp-json\/wp\/v2\/users\/27"}],"replies":[{"embeddable":true,"href":"https:\/\/blogs.correiobraziliense.com.br\/servidor\/wp-json\/wp\/v2\/comments?post=19669"}],"version-history":[{"count":1,"href":"https:\/\/blogs.correiobraziliense.com.br\/servidor\/wp-json\/wp\/v2\/posts\/19669\/revisions"}],"predecessor-version":[{"id":19671,"href":"https:\/\/blogs.correiobraziliense.com.br\/servidor\/wp-json\/wp\/v2\/posts\/19669\/revisions\/19671"}],"wp:attachment":[{"href":"https:\/\/blogs.correiobraziliense.com.br\/servidor\/wp-json\/wp\/v2\/media?parent=19669"}],"wp:term":[{"taxonomy":"category","embeddable":true,"href":"https:\/\/blogs.correiobraziliense.com.br\/servidor\/wp-json\/wp\/v2\/categories?post=19669"},{"taxonomy":"post_tag","embeddable":true,"href":"https:\/\/blogs.correiobraziliense.com.br\/servidor\/wp-json\/wp\/v2\/tags?post=19669"}],"curies":[{"name":"wp","href":"https:\/\/api.w.org\/{rel}","templated":true}]}}