{"id":19622,"date":"2021-05-20T22:16:07","date_gmt":"2021-05-21T01:16:07","guid":{"rendered":"https:\/\/blogs.correiobraziliense.com.br\/servidor\/?p=19622"},"modified":"2021-05-20T22:16:44","modified_gmt":"2021-05-21T01:16:44","slug":"de-temer-ao-poder-hegemonico-do-centrao-parte-i","status":"publish","type":"post","link":"https:\/\/blogs.correiobraziliense.com.br\/servidor\/de-temer-ao-poder-hegemonico-do-centrao-parte-i\/","title":{"rendered":"De Temer ao poder hegem\u00f4nico do centr\u00e3o &#8211; Parte I"},"content":{"rendered":"<p><em><strong><a href=\"http:\/\/De Temer ao poder hegem\u00f4nico do centr\u00e3o \u2013 Parte I: 2015 a 2019\">De Temer ao poder hegem\u00f4nico do centr\u00e3o \u2013 Parte I: 2015 a 2019<\/a> \u00e9 a primeira parte de uma colet\u00e2nea de textos que o autor,\u00a0Rud\u00e1 Ricci, escreveu, sobre desencontros da pol\u00edtica brasileira. De leitura f\u00e1cil, o trabalho tem pequenos textos que analisam cada momento do conturbado jogo pol\u00edtico nacional e pincelam conceitos acad\u00eamicos e dados de pesquisa.\u00a0P\u00edlula de Bom Senso 10, a segunda parte da obra, tem lan\u00e7amento previsto para amanh\u00e3, 21 de mar\u00e7o<\/strong><\/em><\/p>\n<p><img loading=\"lazy\" decoding=\"async\" class=\"size-full wp-image-19623 aligncenter\" src=\"https:\/\/blogs.correiobraziliense.com.br\/servidor\/wp-content\/uploads\/sites\/10\/2021\/05\/centr\u00e3o.png\" alt=\"\" width=\"760\" height=\"410\" srcset=\"https:\/\/blogs.correiobraziliense.com.br\/servidor\/wp-content\/uploads\/sites\/10\/2021\/05\/centr\u00e3o.png 760w, https:\/\/blogs.correiobraziliense.com.br\/servidor\/wp-content\/uploads\/sites\/10\/2021\/05\/centr\u00e3o-300x162.png 300w, https:\/\/blogs.correiobraziliense.com.br\/servidor\/wp-content\/uploads\/sites\/10\/2021\/05\/centr\u00e3o-550x297.png 550w, https:\/\/blogs.correiobraziliense.com.br\/servidor\/wp-content\/uploads\/sites\/10\/2021\/05\/centr\u00e3o-230x124.png 230w\" sizes=\"auto, (max-width: 760px) 100vw, 760px\" \/><\/p>\n<p><em>Foto: Giuliana Miranda)<\/em><\/p>\n<p>\u201cA pol\u00edtica \u00e9 feita de imprevisibilidades porque \u00e9 fruto de rela\u00e7\u00f5es humanas e pelo acaso.\u201d \u00c9 diante desta premissa que o autor da P\u00edlula de Bom Senso 09, Rud\u00e1 Ricci, busca compreender os acontecimentos pol\u00edticos e econ\u00f4micos do Brasil entre 2015 e in\u00edcio de 2019.<\/p>\n<p>\u201cEste foi um dos momentos mais dram\u00e1ticos da vida da nossa rep\u00fablica, uma converg\u00eancia de erros da presidente eleita, uma ofensiva das mais violentas da direita \u2013 que abre caminho para as aventuras da extrema-direita brasileira, profundamente desqualificada para a vida e a gest\u00e3o p\u00fablica \u2013, a revela\u00e7\u00e3o do despreparo de nossas elites empresariais, come\u00e7ando pela trag\u00e9dia da ruptura de uma barragem de rejeitos da minera\u00e7\u00e3o instalada no munic\u00edpio mineiro de Mariana, enfim, um pa\u00eds mergulhado numa sucess\u00e3o de escolhas gravemente equivocadas\u201d, explica Rud\u00e1 Ricci.<\/p>\n<p>Clique aqui para acessar a publica\u00e7\u00e3o: <a href=\"http:\/\/De Temer ao poder hegem\u00f4nico do centr\u00e3o \u2013 Parte I: 2015 a 2019.\">De Temer ao poder hegem\u00f4nico do centr\u00e3o \u2013 Parte I: 2015 a 2019.<\/a><\/p>\n<p>&nbsp;<\/p>\n","protected":false},"excerpt":{"rendered":"<p>De Temer ao poder hegem\u00f4nico do centr\u00e3o \u2013 Parte I: 2015 a 2019 \u00e9 a primeira parte de uma colet\u00e2nea de textos que o autor,\u00a0Rud\u00e1 Ricci, escreveu, sobre desencontros da pol\u00edtica brasileira. De leitura f\u00e1cil, o trabalho tem pequenos textos que analisam cada momento do conturbado jogo pol\u00edtico nacional e pincelam conceitos acad\u00eamicos e dados de pesquisa.\u00a0P\u00edlula de Bom Senso [&hellip;]<\/p>\n","protected":false},"author":27,"featured_media":0,"comment_status":"open","ping_status":"closed","sticky":false,"template":"","format":"standard","meta":{"footnotes":""},"categories":[2719],"tags":[1302,15370,3719,18928,12124,12286,8127,17152,14433,1415,1417,6263,1895,1594,11373],"class_list":["post-19622","post","type-post","status-publish","format-standard","hentry","category-servidor","tag-brasileira","tag-centrao","tag-coletanea","tag-desencontros","tag-direita","tag-elites","tag-empresariais","tag-extrema-direita","tag-mariana","tag-politica","tag-republica","tag-ruptura","tag-temer","tag-textos","tag-tragedia"],"_links":{"self":[{"href":"https:\/\/blogs.correiobraziliense.com.br\/servidor\/wp-json\/wp\/v2\/posts\/19622","targetHints":{"allow":["GET"]}}],"collection":[{"href":"https:\/\/blogs.correiobraziliense.com.br\/servidor\/wp-json\/wp\/v2\/posts"}],"about":[{"href":"https:\/\/blogs.correiobraziliense.com.br\/servidor\/wp-json\/wp\/v2\/types\/post"}],"author":[{"embeddable":true,"href":"https:\/\/blogs.correiobraziliense.com.br\/servidor\/wp-json\/wp\/v2\/users\/27"}],"replies":[{"embeddable":true,"href":"https:\/\/blogs.correiobraziliense.com.br\/servidor\/wp-json\/wp\/v2\/comments?post=19622"}],"version-history":[{"count":2,"href":"https:\/\/blogs.correiobraziliense.com.br\/servidor\/wp-json\/wp\/v2\/posts\/19622\/revisions"}],"predecessor-version":[{"id":19625,"href":"https:\/\/blogs.correiobraziliense.com.br\/servidor\/wp-json\/wp\/v2\/posts\/19622\/revisions\/19625"}],"wp:attachment":[{"href":"https:\/\/blogs.correiobraziliense.com.br\/servidor\/wp-json\/wp\/v2\/media?parent=19622"}],"wp:term":[{"taxonomy":"category","embeddable":true,"href":"https:\/\/blogs.correiobraziliense.com.br\/servidor\/wp-json\/wp\/v2\/categories?post=19622"},{"taxonomy":"post_tag","embeddable":true,"href":"https:\/\/blogs.correiobraziliense.com.br\/servidor\/wp-json\/wp\/v2\/tags?post=19622"}],"curies":[{"name":"wp","href":"https:\/\/api.w.org\/{rel}","templated":true}]}}