{"id":19612,"date":"2021-05-20T17:47:17","date_gmt":"2021-05-20T20:47:17","guid":{"rendered":"https:\/\/blogs.correiobraziliense.com.br\/servidor\/?p=19612"},"modified":"2021-05-20T17:55:58","modified_gmt":"2021-05-20T20:55:58","slug":"servir-brasil-destaca-que-esforcos-contra-a-reforma-administrativa-tem-efeito","status":"publish","type":"post","link":"https:\/\/blogs.correiobraziliense.com.br\/servidor\/servir-brasil-destaca-que-esforcos-contra-a-reforma-administrativa-tem-efeito\/","title":{"rendered":"Servir Brasil destaca que esfor\u00e7os contra a reforma administrativa t\u00eam efeito"},"content":{"rendered":"<p><em><strong>Relator da proposta na CCJ retira do texto o princ\u00edpio de subsidiariedade. Desde que o governo federal encaminhou ao Congresso Nacional a PEC 32\/2020, que prev\u00ea a reforma administrativa, a Frente Parlamentar Mista em Defesa do Servi\u00e7o P\u00fablico (Servir Brasil) trabalha para que a proposta n\u00e3o seja votada<\/strong><\/em>.<\/p>\n<p><img loading=\"lazy\" decoding=\"async\" class=\"alignright size-full wp-image-19076\" src=\"https:\/\/blogs.correiobraziliense.com.br\/servidor\/wp-content\/uploads\/sites\/10\/2021\/02\/SINPREV-AL.jpeg\" alt=\"\" width=\"480\" height=\"340\" srcset=\"https:\/\/blogs.correiobraziliense.com.br\/servidor\/wp-content\/uploads\/sites\/10\/2021\/02\/SINPREV-AL.jpeg 480w, https:\/\/blogs.correiobraziliense.com.br\/servidor\/wp-content\/uploads\/sites\/10\/2021\/02\/SINPREV-AL-300x213.jpeg 300w, https:\/\/blogs.correiobraziliense.com.br\/servidor\/wp-content\/uploads\/sites\/10\/2021\/02\/SINPREV-AL-230x163.jpeg 230w\" sizes=\"auto, (max-width: 480px) 100vw, 480px\" \/><\/p>\n<p>De acordo com a Servir Brasil, essa \u00e9 uma pequena vit\u00f3ria, &#8220;mas a batalha continua&#8221;. A Frente continua contra a aprova\u00e7\u00e3o da PEC 32, &#8220;que trar\u00e1 danos aos servidores p\u00fablicos, e permanecer\u00e1 atuante para combater a Reforma administrativa&#8221;, informa, em nota, a entidade.<\/p>\n<p>&#8220;Ap\u00f3s grande press\u00e3o feita pela Servir Brasil, outras frentes e pela sociedade, o relator do texto, deputado federal Darci de Matos (PSD-SC), sugeriu a retirada de novos princ\u00edpios, incluindo o de subsidiariedade. No entendimento de Matos, eles podem gerar interpreta\u00e7\u00f5es m\u00faltiplas, o que prejudicaria a seguran\u00e7a jur\u00eddica, garantia fundamental&#8221;, destaca.<\/p>\n<p>Na linguagem neoliberal, subsidiariedade significa que &#8220;o\u00a0Estado deve reconhecer, portanto, a primazia da \u201csociedade civil\u201d (leia-se \u201cmercado\u201d), com a preval\u00eancia da iniciativa privada e a necessidade da garantia da propriedade&#8221;, segundo Gilberto Bercovici, advogado, professor titular de Direito Econ\u00f4mico e Economia Pol\u00edtica da USP e professor do Mackenzie.<\/p>\n<p>O relator j\u00e1 tinha sugerido, anteriormente, a altera\u00e7\u00e3o no texto retirando a possibilidade de o presidente da Rep\u00fablica extinguir cargos p\u00fablicos federais, autarquias e empresas p\u00fablicas. E tamb\u00e9m, no relat\u00f3rio, Darci de Matos apontou a inconstitucionalidade da restri\u00e7\u00e3o de acumula\u00e7\u00e3o de cargo p\u00fablico com outras atividades.<\/p>\n<p>&#8220;O novo relat\u00f3rio de Darci de Matos tamb\u00e9m traz uma avalia\u00e7\u00e3o da necessidade de mais debate na comiss\u00e3o especial &#8211; o projeto atualmente est\u00e1 na Comiss\u00e3o de Constitui\u00e7\u00e3o e Justi\u00e7a e Cidadania (CCJ) &#8211; de aspectos que ainda preocupam. \u00c9 o caso do v\u00ednculo de experi\u00eancia para cargos t\u00edpicos de Estado, o v\u00ednculo por prazo determinado e a possibilidade de redu\u00e7\u00e3o de direitos e de sal\u00e1rio dos servidores atuais&#8221;, aponta a Servir Brasil.<\/p>\n<p>&nbsp;<\/p>\n","protected":false},"excerpt":{"rendered":"<p>Relator da proposta na CCJ retira do texto o princ\u00edpio de subsidiariedade. Desde que o governo federal encaminhou ao Congresso Nacional a PEC 32\/2020, que prev\u00ea a reforma administrativa, a Frente Parlamentar Mista em Defesa do Servi\u00e7o P\u00fablico (Servir Brasil) trabalha para que a proposta n\u00e3o seja votada. De acordo com a Servir Brasil, essa \u00e9 uma pequena vit\u00f3ria, &#8220;mas [&hellip;]<\/p>\n","protected":false},"author":27,"featured_media":0,"comment_status":"open","ping_status":"closed","sticky":false,"template":"","format":"standard","meta":{"footnotes":""},"categories":[2719],"tags":[3370,300,791,2187,18898,359,3286,18170,2216,81,15938,4031,18468,351,18925,939],"class_list":["post-19612","post","type-post","status-publish","format-standard","hentry","category-servidor","tag-acumulacao","tag-cargo","tag-cargos","tag-ccj","tag-darci-de-matos","tag-deputado","tag-orgao","tag-pec-32-2020","tag-poder","tag-presidente","tag-reforma-administrativa","tag-relatorio","tag-servir-brasil","tag-sociedade","tag-subsidiariedade","tag-vitoria"],"_links":{"self":[{"href":"https:\/\/blogs.correiobraziliense.com.br\/servidor\/wp-json\/wp\/v2\/posts\/19612","targetHints":{"allow":["GET"]}}],"collection":[{"href":"https:\/\/blogs.correiobraziliense.com.br\/servidor\/wp-json\/wp\/v2\/posts"}],"about":[{"href":"https:\/\/blogs.correiobraziliense.com.br\/servidor\/wp-json\/wp\/v2\/types\/post"}],"author":[{"embeddable":true,"href":"https:\/\/blogs.correiobraziliense.com.br\/servidor\/wp-json\/wp\/v2\/users\/27"}],"replies":[{"embeddable":true,"href":"https:\/\/blogs.correiobraziliense.com.br\/servidor\/wp-json\/wp\/v2\/comments?post=19612"}],"version-history":[{"count":4,"href":"https:\/\/blogs.correiobraziliense.com.br\/servidor\/wp-json\/wp\/v2\/posts\/19612\/revisions"}],"predecessor-version":[{"id":19616,"href":"https:\/\/blogs.correiobraziliense.com.br\/servidor\/wp-json\/wp\/v2\/posts\/19612\/revisions\/19616"}],"wp:attachment":[{"href":"https:\/\/blogs.correiobraziliense.com.br\/servidor\/wp-json\/wp\/v2\/media?parent=19612"}],"wp:term":[{"taxonomy":"category","embeddable":true,"href":"https:\/\/blogs.correiobraziliense.com.br\/servidor\/wp-json\/wp\/v2\/categories?post=19612"},{"taxonomy":"post_tag","embeddable":true,"href":"https:\/\/blogs.correiobraziliense.com.br\/servidor\/wp-json\/wp\/v2\/tags?post=19612"}],"curies":[{"name":"wp","href":"https:\/\/api.w.org\/{rel}","templated":true}]}}