{"id":19605,"date":"2021-05-20T15:31:32","date_gmt":"2021-05-20T18:31:32","guid":{"rendered":"https:\/\/blogs.correiobraziliense.com.br\/servidor\/?p=19605"},"modified":"2021-05-20T15:31:32","modified_gmt":"2021-05-20T18:31:32","slug":"brasil-tera-dia-livre-de-impostos-em-27-de-maio","status":"publish","type":"post","link":"https:\/\/blogs.correiobraziliense.com.br\/servidor\/brasil-tera-dia-livre-de-impostos-em-27-de-maio\/","title":{"rendered":"Brasil ter\u00e1 Dia Livre de Impostos em 27 de maio"},"content":{"rendered":"<p><em><strong>A\u00e7\u00e3o chega a 15\u00aa edi\u00e7\u00e3o e oferece descontos de at\u00e9 70% em produtos e servi\u00e7os.\u00a0No Dia Livre de Impostos, os lojistas participantes poder\u00e3o comercializar produtos com descontos no valor &#8211; sem as taxas de tributa\u00e7\u00e3o, que n\u00e3o ser\u00e3o pagas pelo consumidor, mas sim bancadas pelos lojistas<\/strong><\/em><\/p>\n<p><img loading=\"lazy\" decoding=\"async\" class=\"alignright size-full wp-image-19606\" src=\"https:\/\/blogs.correiobraziliense.com.br\/servidor\/wp-content\/uploads\/sites\/10\/2021\/05\/unnamed-5.jpg\" alt=\"\" width=\"300\" height=\"204\" \/><\/p>\n<p>Com adapta\u00e7\u00f5es ao novo cen\u00e1rio econ\u00f4mico do pa\u00eds e como forma de conscientiza\u00e7\u00e3o sobre a quantidade impostos arrecadados no Brasil, a C\u00e2mara de Dirigentes Lojistas Jovem (CDL Jovem), com apoio da Federa\u00e7\u00e3o das C\u00e2maras de Dirigentes Lojistas do Estado de SP (FCDLESP), far\u00e1 o Dia Livre de Impostos no dia 27 de maio. Dessa vez, o evento ser\u00e1 online e abrange todo o territ\u00f3rio nacional.<\/p>\n<p>A alta carga tribut\u00e1ria do pa\u00eds e a crise econ\u00f4mica causada pela pandemia de Covid-19 s\u00e3o alguns dos fatores que limitam o consumo da popula\u00e7\u00e3o e afetam o setor varejista. No Dia Livre de Impostos, os lojistas participantes poder\u00e3o comercializar seus produtos com descontos no valor &#8211; sem as taxas de tributa\u00e7\u00e3o, que ser\u00e3o pagas pelos lojistas.<\/p>\n<p>A a\u00e7\u00e3o tem o objetivo de alertar a popula\u00e7\u00e3o sobre o valor de impostos pagos em cada produto e sensibilizar as autoridades para que o varejo consiga comercializar de forma mais simples. Mais de mil lojistas est\u00e3o cadastrados para a a\u00e7\u00e3o, o que abrange cerca de 23 estados em todo pa\u00eds.<\/p>\n<p>\u201cO DLI chama aten\u00e7\u00e3o para um dos principais entraves do com\u00e9rcio varejista: a alta carga tribut\u00e1ria nos produtos e servi\u00e7os. Com a pandemia de Covid-19, os estabelecimentos foram ainda mais afetados pelo abre e fecha. Esperamos que a data aque\u00e7a o setor e reforce a necessidade da reforma tribut\u00e1ria\u201d, explica o presidente da FCDLESP, Maur\u00edcio Stainoff.<\/p>\n<p>Durante o DLI, os produtos e servi\u00e7os podem ter descontos de at\u00e9 70%, vale ressaltar que, cada estado possui um percentual de tributa\u00e7\u00e3o. Eletrodom\u00e9sticos, eletr\u00f4nicos e servi\u00e7os est\u00e3o entre as categorias de desconto.<\/p>\n<p>A lista completa de produtos e servi\u00e7os voc\u00ea pode conferir no site, acesse: <a href=\"https:\/\/dialivredeimpostos.com.br\/\">https:\/\/dialivredeimpostos.com.br\/<\/a><\/p>\n<p><strong>Sobre o DLI<\/strong><\/p>\n<p>O Dia Livre de Impostos foi criado pela C\u00e2mara de Dirigentes Lojistas Jovem em 2003 e acontece nas principais cidades do pa\u00eds. O intuito n\u00e3o \u00e9 a sonega\u00e7\u00e3o, pois nesse dia o empres\u00e1rio arca com os tributos, para n\u00e3o ser repassado aos consumidores.<\/p>\n","protected":false},"excerpt":{"rendered":"<p>A\u00e7\u00e3o chega a 15\u00aa edi\u00e7\u00e3o e oferece descontos de at\u00e9 70% em produtos e servi\u00e7os.\u00a0No Dia Livre de Impostos, os lojistas participantes poder\u00e3o comercializar produtos com descontos no valor &#8211; sem as taxas de tributa\u00e7\u00e3o, que n\u00e3o ser\u00e3o pagas pelo consumidor, mas sim bancadas pelos lojistas Com adapta\u00e7\u00f5es ao novo cen\u00e1rio econ\u00f4mico do pa\u00eds e como forma de conscientiza\u00e7\u00e3o sobre [&hellip;]<\/p>\n","protected":false},"author":27,"featured_media":0,"comment_status":"open","ping_status":"closed","sticky":false,"template":"","format":"standard","meta":{"footnotes":""},"categories":[2719],"tags":[5014,1935,17256,3067,17601,5153,18924,2770,17603,17255,545,221,12193,1379,3025,2769,4858],"class_list":["post-19605","post","type-post","status-publish","format-standard","hentry","category-servidor","tag-arrecadados","tag-autoridades","tag-covid-19","tag-descontos","tag-dia-livre-de-impostos","tag-estabelecimentos","tag-fcdlesp","tag-impostos","tag-lojistas","tag-pandemia","tag-populacao","tag-produtos","tag-reforma-tributaria","tag-servicos","tag-taxas","tag-tributacao","tag-varejista"],"_links":{"self":[{"href":"https:\/\/blogs.correiobraziliense.com.br\/servidor\/wp-json\/wp\/v2\/posts\/19605","targetHints":{"allow":["GET"]}}],"collection":[{"href":"https:\/\/blogs.correiobraziliense.com.br\/servidor\/wp-json\/wp\/v2\/posts"}],"about":[{"href":"https:\/\/blogs.correiobraziliense.com.br\/servidor\/wp-json\/wp\/v2\/types\/post"}],"author":[{"embeddable":true,"href":"https:\/\/blogs.correiobraziliense.com.br\/servidor\/wp-json\/wp\/v2\/users\/27"}],"replies":[{"embeddable":true,"href":"https:\/\/blogs.correiobraziliense.com.br\/servidor\/wp-json\/wp\/v2\/comments?post=19605"}],"version-history":[{"count":1,"href":"https:\/\/blogs.correiobraziliense.com.br\/servidor\/wp-json\/wp\/v2\/posts\/19605\/revisions"}],"predecessor-version":[{"id":19607,"href":"https:\/\/blogs.correiobraziliense.com.br\/servidor\/wp-json\/wp\/v2\/posts\/19605\/revisions\/19607"}],"wp:attachment":[{"href":"https:\/\/blogs.correiobraziliense.com.br\/servidor\/wp-json\/wp\/v2\/media?parent=19605"}],"wp:term":[{"taxonomy":"category","embeddable":true,"href":"https:\/\/blogs.correiobraziliense.com.br\/servidor\/wp-json\/wp\/v2\/categories?post=19605"},{"taxonomy":"post_tag","embeddable":true,"href":"https:\/\/blogs.correiobraziliense.com.br\/servidor\/wp-json\/wp\/v2\/tags?post=19605"}],"curies":[{"name":"wp","href":"https:\/\/api.w.org\/{rel}","templated":true}]}}