{"id":19594,"date":"2021-05-19T19:51:50","date_gmt":"2021-05-19T22:51:50","guid":{"rendered":"https:\/\/blogs.correiobraziliense.com.br\/servidor\/?p=19594"},"modified":"2021-05-19T19:51:50","modified_gmt":"2021-05-19T22:51:50","slug":"funpresp-jud-faz-live-sobre-planejamento-previdenciario-das-mulheres-servidoras-publicas","status":"publish","type":"post","link":"https:\/\/blogs.correiobraziliense.com.br\/servidor\/funpresp-jud-faz-live-sobre-planejamento-previdenciario-das-mulheres-servidoras-publicas\/","title":{"rendered":"Funpresp-Jud faz live sobre Planejamento Previdenci\u00e1rio das Mulheres Servidoras P\u00fablicas"},"content":{"rendered":"<p><em><strong>A live \u201cPlanejamento Previdenci\u00e1rio das Mulheres Servidoras P\u00fablicas\u201d, Funpresp-Jud, ser\u00e1 no dia 25 de maio (ter\u00e7a-feira), \u00e0s 17 horas, com transmiss\u00e3o pelo YouTube (<a href=\"http:\/\/www.youtube.com\/funprespjud\" target=\"_blank\" rel=\"noopener\">www.youtube.com\/funprespjud<\/a>). <\/strong><\/em><\/p>\n<p><img loading=\"lazy\" decoding=\"async\" class=\"alignright size-full wp-image-19595\" src=\"https:\/\/blogs.correiobraziliense.com.br\/servidor\/wp-content\/uploads\/sites\/10\/2021\/05\/THAIS-RIEDEL.jpg\" alt=\"\" width=\"838\" height=\"743\" \/><\/p>\n<p>&nbsp;<\/p>\n<p><em>Foto: Pelo Mundo DF<\/em><\/p>\n<p>O assunto ser\u00e1 abordado pela advogada Tha\u00eds Maria Riedel de Resende Zuba, presidente da Associa\u00e7\u00e3o Confederativa Brasileira da Advocacia Previdenci\u00e1ria (ACBRAP) e do Instituto Brasiliense de Direito Previdenci\u00e1rio (IBDPREV). O evento \u00e9 aberto ao p\u00fablico em geral, com foco nas servidora e membros federais titulares de cargo efetivo do Poder Judici\u00e1rio da Uni\u00e3o, do Minist\u00e9rio P\u00fablico da Uni\u00e3o e do Conselho Nacional do Minist\u00e9rio P\u00fablico.<\/p>\n<p>Tha\u00eds \u00e9 graduada em Direito pelo Centro Universit\u00e1rio de Bras\u00edlia (2003) e em Ci\u00eancia Pol\u00edticas pela Universidade de Bras\u00edlia (2004), com especializa\u00e7\u00e3o em Direito Processual Civil pelo Centro Universit\u00e1rio de Bras\u00edlia (2005-2006) e em Direito Previdenci\u00e1rio pela Escola Paulista de Direito Social (2009). \u00c9 mestre em Direito Previdenci\u00e1rio pela Pontif\u00edcia Universidade Cat\u00f3lica de S\u00e3o Paulo &#8211; PUC-SP (2012). Atualmente \u00e9 s\u00f3cia da Advocacia Riedel, professora de Direito do Trabalho e Previdenci\u00e1rio na gradua\u00e7\u00e3o do curso de Direito do Centro Universit\u00e1rio de Bras\u00edlia. Foi presidente da Comiss\u00e3o de Seguridade Social da OAB\/DF (2013-2018) e vice-presidente da Comiss\u00e3o Nacional de Direito Previdenci\u00e1rio da Ordem dos Advogados do Brasil &#8211; Conselho Federal (2016-2018). Autora do livro &#8220;O Direito Previdenci\u00e1rio e o Princ\u00edpio da Veda\u00e7\u00e3o do Retrocesso&#8221; (LTR, 2013) e doutoranda em Direito Constitucional.<\/p>\n<p>A Funda\u00e7\u00e3o de Previd\u00eancia Complementar do Servidor P\u00fablico Federal do Poder Judici\u00e1rio (Funpresp-Jud) foi criada pela Resolu\u00e7\u00e3o STF n\u00ba 496, de 25 de outubro de 2012, com a finalidade de administrar e executar planos de benef\u00edcios de car\u00e1ter previdenci\u00e1rio para os membros e os servidores p\u00fablicos titulares de cargo efetivo do Poder Judici\u00e1rio da Uni\u00e3o, do Minist\u00e9rio P\u00fablico da Uni\u00e3o e do Conselho Nacional do Minist\u00e9rio P\u00fablico. \u00c9 uma entidade fechada, vinculada ao STF, sem fins lucrativos e com autonomia administrativa, financeira e gerencial, nos termos da Lei n\u00ba 12.618\/2012.<\/p>\n","protected":false},"excerpt":{"rendered":"<p>A live \u201cPlanejamento Previdenci\u00e1rio das Mulheres Servidoras P\u00fablicas\u201d, Funpresp-Jud, ser\u00e1 no dia 25 de maio (ter\u00e7a-feira), \u00e0s 17 horas, com transmiss\u00e3o pelo YouTube (www.youtube.com\/funprespjud). &nbsp; Foto: Pelo Mundo DF O assunto ser\u00e1 abordado pela advogada Tha\u00eds Maria Riedel de Resende Zuba, presidente da Associa\u00e7\u00e3o Confederativa Brasileira da Advocacia Previdenci\u00e1ria (ACBRAP) e do Instituto Brasiliense de Direito Previdenci\u00e1rio (IBDPREV). O evento [&hellip;]<\/p>\n","protected":false},"author":27,"featured_media":0,"comment_status":"open","ping_status":"closed","sticky":false,"template":"","format":"standard","meta":{"footnotes":""},"categories":[2719],"tags":[12448,417,1263,3,1137,3010,1633,9062,18920,912],"class_list":["post-19594","post","type-post","status-publish","format-standard","hentry","category-servidor","tag-funpresp-jud","tag-ministerio-publico","tag-mulheres","tag-planejamento","tag-poder-judiciario","tag-previdenciario","tag-publicas","tag-servidoras","tag-thais-riedel","tag-youtube"],"_links":{"self":[{"href":"https:\/\/blogs.correiobraziliense.com.br\/servidor\/wp-json\/wp\/v2\/posts\/19594","targetHints":{"allow":["GET"]}}],"collection":[{"href":"https:\/\/blogs.correiobraziliense.com.br\/servidor\/wp-json\/wp\/v2\/posts"}],"about":[{"href":"https:\/\/blogs.correiobraziliense.com.br\/servidor\/wp-json\/wp\/v2\/types\/post"}],"author":[{"embeddable":true,"href":"https:\/\/blogs.correiobraziliense.com.br\/servidor\/wp-json\/wp\/v2\/users\/27"}],"replies":[{"embeddable":true,"href":"https:\/\/blogs.correiobraziliense.com.br\/servidor\/wp-json\/wp\/v2\/comments?post=19594"}],"version-history":[{"count":1,"href":"https:\/\/blogs.correiobraziliense.com.br\/servidor\/wp-json\/wp\/v2\/posts\/19594\/revisions"}],"predecessor-version":[{"id":19596,"href":"https:\/\/blogs.correiobraziliense.com.br\/servidor\/wp-json\/wp\/v2\/posts\/19594\/revisions\/19596"}],"wp:attachment":[{"href":"https:\/\/blogs.correiobraziliense.com.br\/servidor\/wp-json\/wp\/v2\/media?parent=19594"}],"wp:term":[{"taxonomy":"category","embeddable":true,"href":"https:\/\/blogs.correiobraziliense.com.br\/servidor\/wp-json\/wp\/v2\/categories?post=19594"},{"taxonomy":"post_tag","embeddable":true,"href":"https:\/\/blogs.correiobraziliense.com.br\/servidor\/wp-json\/wp\/v2\/tags?post=19594"}],"curies":[{"name":"wp","href":"https:\/\/api.w.org\/{rel}","templated":true}]}}