{"id":19583,"date":"2021-05-19T13:11:05","date_gmt":"2021-05-19T16:11:05","guid":{"rendered":"https:\/\/blogs.correiobraziliense.com.br\/servidor\/?p=19583"},"modified":"2021-05-19T20:26:49","modified_gmt":"2021-05-19T23:26:49","slug":"inss-antecipa-r-253-bilhoes-de-13o-salario-a-31-milhoes-de-beneficios","status":"publish","type":"post","link":"https:\/\/blogs.correiobraziliense.com.br\/servidor\/inss-antecipa-r-253-bilhoes-de-13o-salario-a-31-milhoes-de-beneficios\/","title":{"rendered":"INSS antecipa R$ 25,3 bilh\u00f5es de 13\u00ba sal\u00e1rio a 31 milh\u00f5es de benef\u00edcios"},"content":{"rendered":"<p><em><strong>Primeira parcela come\u00e7a a ser depositada a partir do dia 25 de maio.\u00a0O Instituto Nacional do Seguro Social (INSS) informa que, em todo o pa\u00eds, 31 milh\u00f5es de benef\u00edcios receber\u00e3o neste m\u00eas a primeira parcela do 13\u00ba sal\u00e1rio, o equivalente a R$ 25,3 bilh\u00f5es. A antecipa\u00e7\u00e3o ser\u00e1 creditada junto com os benef\u00edcios de maio<\/strong><\/em><\/p>\n<p>Com um total de 36 milh\u00f5es de benef\u00edcios (inclusive os assistenciais e as antecipa\u00e7\u00f5es) a folha de pagamento de maio do INSS injetar\u00e1 na economia R$ 76,3 bilh\u00f5es. Os dep\u00f3sitos ser\u00e3o feitos at\u00e9 o dia 8 de junho. Nesta primeira parcela, n\u00e3o \u00e9 descontado o Imposto de Renda proporcional. A mordida do Le\u00e3o vem na segunda parcela.<\/p>\n<p>Para aqueles que recebem um sal\u00e1rio m\u00ednimo, o dep\u00f3sito da antecipa\u00e7\u00e3o ser\u00e1 feito entre os dias 25 de maio e 8 de junho, de acordo com o n\u00famero final do benef\u00edcio, sem levar em conta o d\u00edgito verificador. Segurados com renda mensal acima do piso nacional ter\u00e3o seus pagamentos creditados entre 1\u00ba e 8 de maio.<\/p>\n<p>Por lei, tem direito ao 13\u00ba quem, durante o ano, recebeu benef\u00edcio previdenci\u00e1rio de aposentadoria, pens\u00e3o por morte, aux\u00edlio-doen\u00e7a, aux\u00edlio-acidente ou aux\u00edlio-reclus\u00e3o. Na hip\u00f3tese de cessa\u00e7\u00e3o programada do benef\u00edcio, prevista antes de 31 de dezembro de 2021, ser\u00e1 pago o valor proporcional do abono anual ao benefici\u00e1rio.<\/p>\n<p>Aqueles que recebem benef\u00edcios assistenciais (Benef\u00edcio de Presta\u00e7\u00e3o Continuada da Lei Org\u00e2nica da Assist\u00eancia Social \u2013 BPC\/LOAS e Renda Mensal Vital\u00edcia \u2013 RMV) n\u00e3o t\u00eam direito ao abono anual.<\/p>\n<p>Veja o calend\u00e1rio:<\/p>\n<p><img loading=\"lazy\" decoding=\"async\" class=\"alignright size-full wp-image-19585\" src=\"https:\/\/blogs.correiobraziliense.com.br\/servidor\/wp-content\/uploads\/sites\/10\/2021\/05\/benef\u00edcios-inss.png\" alt=\"\" width=\"666\" height=\"633\" srcset=\"https:\/\/blogs.correiobraziliense.com.br\/servidor\/wp-content\/uploads\/sites\/10\/2021\/05\/benef\u00edcios-inss.png 666w, https:\/\/blogs.correiobraziliense.com.br\/servidor\/wp-content\/uploads\/sites\/10\/2021\/05\/benef\u00edcios-inss-300x285.png 300w, https:\/\/blogs.correiobraziliense.com.br\/servidor\/wp-content\/uploads\/sites\/10\/2021\/05\/benef\u00edcios-inss-550x523.png 550w, https:\/\/blogs.correiobraziliense.com.br\/servidor\/wp-content\/uploads\/sites\/10\/2021\/05\/benef\u00edcios-inss-230x219.png 230w\" sizes=\"auto, (max-width: 666px) 100vw, 666px\" \/><\/p>\n<p>&nbsp;<\/p>\n<p>&nbsp;<\/p>\n","protected":false},"excerpt":{"rendered":"<p>Primeira parcela come\u00e7a a ser depositada a partir do dia 25 de maio.\u00a0O Instituto Nacional do Seguro Social (INSS) informa que, em todo o pa\u00eds, 31 milh\u00f5es de benef\u00edcios receber\u00e3o neste m\u00eas a primeira parcela do 13\u00ba sal\u00e1rio, o equivalente a R$ 25,3 bilh\u00f5es. A antecipa\u00e7\u00e3o ser\u00e1 creditada junto com os benef\u00edcios de maio Com um total de 36 milh\u00f5es [&hellip;]<\/p>\n","protected":false},"author":27,"featured_media":0,"comment_status":"open","ping_status":"closed","sticky":false,"template":"","format":"standard","meta":{"footnotes":""},"categories":[2719],"tags":[2414,345,7054,852,2085,88,4236,355,11],"class_list":["post-19583","post","type-post","status-publish","format-standard","hentry","category-servidor","tag-13o-salario","tag-aposentados","tag-assistenciais","tag-beneficios","tag-depositos","tag-economia","tag-folha-de-pagamento","tag-imposto-de-renda","tag-inss"],"_links":{"self":[{"href":"https:\/\/blogs.correiobraziliense.com.br\/servidor\/wp-json\/wp\/v2\/posts\/19583","targetHints":{"allow":["GET"]}}],"collection":[{"href":"https:\/\/blogs.correiobraziliense.com.br\/servidor\/wp-json\/wp\/v2\/posts"}],"about":[{"href":"https:\/\/blogs.correiobraziliense.com.br\/servidor\/wp-json\/wp\/v2\/types\/post"}],"author":[{"embeddable":true,"href":"https:\/\/blogs.correiobraziliense.com.br\/servidor\/wp-json\/wp\/v2\/users\/27"}],"replies":[{"embeddable":true,"href":"https:\/\/blogs.correiobraziliense.com.br\/servidor\/wp-json\/wp\/v2\/comments?post=19583"}],"version-history":[{"count":5,"href":"https:\/\/blogs.correiobraziliense.com.br\/servidor\/wp-json\/wp\/v2\/posts\/19583\/revisions"}],"predecessor-version":[{"id":19599,"href":"https:\/\/blogs.correiobraziliense.com.br\/servidor\/wp-json\/wp\/v2\/posts\/19583\/revisions\/19599"}],"wp:attachment":[{"href":"https:\/\/blogs.correiobraziliense.com.br\/servidor\/wp-json\/wp\/v2\/media?parent=19583"}],"wp:term":[{"taxonomy":"category","embeddable":true,"href":"https:\/\/blogs.correiobraziliense.com.br\/servidor\/wp-json\/wp\/v2\/categories?post=19583"},{"taxonomy":"post_tag","embeddable":true,"href":"https:\/\/blogs.correiobraziliense.com.br\/servidor\/wp-json\/wp\/v2\/tags?post=19583"}],"curies":[{"name":"wp","href":"https:\/\/api.w.org\/{rel}","templated":true}]}}