{"id":19581,"date":"2021-05-19T12:10:31","date_gmt":"2021-05-19T15:10:31","guid":{"rendered":"https:\/\/blogs.correiobraziliense.com.br\/servidor\/?p=19581"},"modified":"2021-05-19T12:10:31","modified_gmt":"2021-05-19T15:10:31","slug":"camara-recebe-iluminacao-verde-pelo-dia-do-defensor-publico","status":"publish","type":"post","link":"https:\/\/blogs.correiobraziliense.com.br\/servidor\/camara-recebe-iluminacao-verde-pelo-dia-do-defensor-publico\/","title":{"rendered":"C\u00e2mara recebe ilumina\u00e7\u00e3o verde pelo Dia do Defensor P\u00fablico"},"content":{"rendered":"<p><em><strong>A C\u00e2mara dos Deputados recebe ilumina\u00e7\u00e3o na cor verde, nesta quarta-feira (19), pelo Dia do Defensor P\u00fablico. A data, comemorada desde 1983, \u00e9 dedicada aos profissionais do direito que defendem os cidad\u00e3os que n\u00e3o t\u00eam dinheiro para pagar pelos servi\u00e7os de um advogado particular. Em 2002, a Lei 10.448 oficializou o Dia Nacional da Defensoria P\u00fablica.<\/strong><\/em><\/p>\n<p>A escolha do dia 19 de maio \u200b\u00e9 uma homenagem a Santo Ivo (Ivo H\u00e9lory de Kermart\u00edn), que faleceu em 1303, na Fran\u00e7a, nesta data. Ele era doutor em teologia, direito, letras e filosofia; e \u00e9 considerado o patrono dos advogados, pois atuou como defensor dos pobres, \u00f3rf\u00e3os e vi\u00favas.<\/p>\n","protected":false},"excerpt":{"rendered":"<p>A C\u00e2mara dos Deputados recebe ilumina\u00e7\u00e3o na cor verde, nesta quarta-feira (19), pelo Dia do Defensor P\u00fablico. A data, comemorada desde 1983, \u00e9 dedicada aos profissionais do direito que defendem os cidad\u00e3os que n\u00e3o t\u00eam dinheiro para pagar pelos servi\u00e7os de um advogado particular. Em 2002, a Lei 10.448 oficializou o Dia Nacional da Defensoria P\u00fablica. A escolha do dia [&hellip;]<\/p>\n","protected":false},"author":27,"featured_media":0,"comment_status":"open","ping_status":"closed","sticky":false,"template":"","format":"standard","meta":{"footnotes":""},"categories":[2719],"tags":[265,61,18917,18077,2369],"class_list":["post-19581","post","type-post","status-publish","format-standard","hentry","category-servidor","tag-advogados","tag-camara","tag-dia-do-defensor","tag-iluminacao","tag-pobres"],"_links":{"self":[{"href":"https:\/\/blogs.correiobraziliense.com.br\/servidor\/wp-json\/wp\/v2\/posts\/19581","targetHints":{"allow":["GET"]}}],"collection":[{"href":"https:\/\/blogs.correiobraziliense.com.br\/servidor\/wp-json\/wp\/v2\/posts"}],"about":[{"href":"https:\/\/blogs.correiobraziliense.com.br\/servidor\/wp-json\/wp\/v2\/types\/post"}],"author":[{"embeddable":true,"href":"https:\/\/blogs.correiobraziliense.com.br\/servidor\/wp-json\/wp\/v2\/users\/27"}],"replies":[{"embeddable":true,"href":"https:\/\/blogs.correiobraziliense.com.br\/servidor\/wp-json\/wp\/v2\/comments?post=19581"}],"version-history":[{"count":1,"href":"https:\/\/blogs.correiobraziliense.com.br\/servidor\/wp-json\/wp\/v2\/posts\/19581\/revisions"}],"predecessor-version":[{"id":19582,"href":"https:\/\/blogs.correiobraziliense.com.br\/servidor\/wp-json\/wp\/v2\/posts\/19581\/revisions\/19582"}],"wp:attachment":[{"href":"https:\/\/blogs.correiobraziliense.com.br\/servidor\/wp-json\/wp\/v2\/media?parent=19581"}],"wp:term":[{"taxonomy":"category","embeddable":true,"href":"https:\/\/blogs.correiobraziliense.com.br\/servidor\/wp-json\/wp\/v2\/categories?post=19581"},{"taxonomy":"post_tag","embeddable":true,"href":"https:\/\/blogs.correiobraziliense.com.br\/servidor\/wp-json\/wp\/v2\/tags?post=19581"}],"curies":[{"name":"wp","href":"https:\/\/api.w.org\/{rel}","templated":true}]}}