{"id":19556,"date":"2021-05-18T08:35:44","date_gmt":"2021-05-18T11:35:44","guid":{"rendered":"https:\/\/blogs.correiobraziliense.com.br\/servidor\/?p=19556"},"modified":"2021-05-17T21:36:56","modified_gmt":"2021-05-18T00:36:56","slug":"aumenta-o-numero-de-mortes-entre-empregados-com-carteira-assinada","status":"publish","type":"post","link":"https:\/\/blogs.correiobraziliense.com.br\/servidor\/aumenta-o-numero-de-mortes-entre-empregados-com-carteira-assinada\/","title":{"rendered":"Aumenta o n\u00famero de mortes entre empregados com carteira assinada"},"content":{"rendered":"<p><em><strong>M\u00e9dicos e enfermeiros e trabalhadores em atividades de educa\u00e7\u00e3o e transporte s\u00e3o os mais afetados, informa estudo do Departamento Intersindical de Estat\u00edstica e Estudos Socioecon\u00f4micos (Dieese)<\/strong><\/em><\/p>\n<p><img loading=\"lazy\" decoding=\"async\" class=\"alignright size-full wp-image-19560\" src=\"https:\/\/blogs.correiobraziliense.com.br\/servidor\/wp-content\/uploads\/sites\/10\/2021\/05\/medicos.jpg\" alt=\"\" width=\"600\" height=\"400\" \/><\/p>\n<p>Entre os primeiros trimestres de 2020 e 2021, os desligamentos por morte do emprego celetista (com carteira assinada) cresceram 71,6%, passando de 13,2 mil para 22,6 mil. Nas atividades de aten\u00e7\u00e3o \u00e0 sa\u00fade humana, o crescimento foi de 75,9%, saindo de 498 para 876. Entre os m\u00e9dicos, , os desligamentos por morte triplicaram e entre os enfermeiros, duplicaram (a amplia\u00e7\u00e3o chegou a 116,0% e 204,0%, respectivamente.).<\/p>\n<p>O Amazonas foi o estado onde houve a maior amplia\u00e7\u00e3o desse tipo de desligamento: 437,7% &#8211; foram 114, no primeiro trimestre de 2020, e 613, no mesmo per\u00edodo de 2021. O crescimento foi tr\u00eas vezes maior do que o registrado no Brasil (71,6%). Em seguida, v\u00eam outros tr\u00eas estados do Norte: Roraima, Rond\u00f4nia e Acre2. No estado de S\u00e3o Paulo, o mais populoso do pa\u00eds, os desligamentos por morte cresceram 76,4%, passando de 4,5 mil para 7,9 mil.\u00a0Na educa\u00e7\u00e3o, o crescimento foi de 106,7% e em transporte, armazenagem e correio, de 95,2%<\/p>\n<p>No mesmo per\u00edodo, os desligamentos por esse motivo no Amazonas, nas atividades de aten\u00e7\u00e3o \u00e0 sa\u00fade humana aumentaram 9,5 vezes naquela unidade da Federa\u00e7\u00e3o, cinco vezes mais do que o observado nessas fun\u00e7\u00f5es em todo o Brasil (75,9%) e quase duas vezes mais do que a expans\u00e3o dos desligamentos por morte em todas as atividades econ\u00f4micas daquele estado.<\/p>\n<p>Os desligamentos por morte de profissionais de enfermagem (considerando auxiliares, t\u00e9cnicos e enfermeiros) e de m\u00e9dicos no Amazonas aumentaram 11,0 vezes, ou 1.000%, passando de 1 para 11. No pa\u00eds, o aumento foi de 78,3%. O n\u00famero tamb\u00e9m \u00e9 maior do que o crescimento dos desligamentos totais no Amazonas.<\/p>\n<p>Entre todas as atividades econ\u00f4micas, as que apresentaram maior crescimento no n\u00famero de desligamentos por morte est\u00e3o: educa\u00e7\u00e3o, com 106,7%, transporte, armazenagem e correio, com 95,2%, atividades administrativas e servi\u00e7os complementares, com 78,7% e, sa\u00fade humana e servi\u00e7os sociais (agregado), com 71,7%.<\/p>\n","protected":false},"excerpt":{"rendered":"<p>M\u00e9dicos e enfermeiros e trabalhadores em atividades de educa\u00e7\u00e3o e transporte s\u00e3o os mais afetados, informa estudo do Departamento Intersindical de Estat\u00edstica e Estudos Socioecon\u00f4micos (Dieese) Entre os primeiros trimestres de 2020 e 2021, os desligamentos por morte do emprego celetista (com carteira assinada) cresceram 71,6%, passando de 13,2 mil para 22,6 mil. Nas atividades de aten\u00e7\u00e3o \u00e0 sa\u00fade humana, [&hellip;]<\/p>\n","protected":false},"author":27,"featured_media":0,"comment_status":"open","ping_status":"closed","sticky":false,"template":"","format":"standard","meta":{"footnotes":""},"categories":[2719],"tags":[1055,3600,18908,463,5417,10822,174,5039,1075,3714],"class_list":["post-19556","post","type-post","status-publish","format-standard","hentry","category-servidor","tag-administrativos","tag-amazonas","tag-atencao-humana","tag-atividades","tag-desligamentos","tag-enfermeiros","tag-medicos","tag-mortes","tag-profissionais","tag-transporte"],"_links":{"self":[{"href":"https:\/\/blogs.correiobraziliense.com.br\/servidor\/wp-json\/wp\/v2\/posts\/19556","targetHints":{"allow":["GET"]}}],"collection":[{"href":"https:\/\/blogs.correiobraziliense.com.br\/servidor\/wp-json\/wp\/v2\/posts"}],"about":[{"href":"https:\/\/blogs.correiobraziliense.com.br\/servidor\/wp-json\/wp\/v2\/types\/post"}],"author":[{"embeddable":true,"href":"https:\/\/blogs.correiobraziliense.com.br\/servidor\/wp-json\/wp\/v2\/users\/27"}],"replies":[{"embeddable":true,"href":"https:\/\/blogs.correiobraziliense.com.br\/servidor\/wp-json\/wp\/v2\/comments?post=19556"}],"version-history":[{"count":2,"href":"https:\/\/blogs.correiobraziliense.com.br\/servidor\/wp-json\/wp\/v2\/posts\/19556\/revisions"}],"predecessor-version":[{"id":19561,"href":"https:\/\/blogs.correiobraziliense.com.br\/servidor\/wp-json\/wp\/v2\/posts\/19556\/revisions\/19561"}],"wp:attachment":[{"href":"https:\/\/blogs.correiobraziliense.com.br\/servidor\/wp-json\/wp\/v2\/media?parent=19556"}],"wp:term":[{"taxonomy":"category","embeddable":true,"href":"https:\/\/blogs.correiobraziliense.com.br\/servidor\/wp-json\/wp\/v2\/categories?post=19556"},{"taxonomy":"post_tag","embeddable":true,"href":"https:\/\/blogs.correiobraziliense.com.br\/servidor\/wp-json\/wp\/v2\/tags?post=19556"}],"curies":[{"name":"wp","href":"https:\/\/api.w.org\/{rel}","templated":true}]}}