{"id":19537,"date":"2021-05-14T17:25:27","date_gmt":"2021-05-14T20:25:27","guid":{"rendered":"https:\/\/blogs.correiobraziliense.com.br\/servidor\/?p=19537"},"modified":"2021-05-14T23:00:33","modified_gmt":"2021-05-15T02:00:33","slug":"prova-de-vida-digital-esta-disponivel-para-aposentados-pensionistas-e-anistiados-da-administracao-publica","status":"publish","type":"post","link":"https:\/\/blogs.correiobraziliense.com.br\/servidor\/prova-de-vida-digital-esta-disponivel-para-aposentados-pensionistas-e-anistiados-da-administracao-publica\/","title":{"rendered":"Prova de vida digital est\u00e1 dispon\u00edvel para aposentados, pensionistas e anistiados da administra\u00e7\u00e3o p\u00fablica"},"content":{"rendered":"<p><em><strong>Com a solu\u00e7\u00e3o tecnol\u00f3gica dispon\u00edvel para benefici\u00e1rios que t\u00eam biometria cadastrada no TSE ou Denatran. Eles\u00a0 n\u00e3o precisam mais se deslocar at\u00e9 uma ag\u00eancia banc\u00e1ria para a comprova\u00e7\u00e3o<\/strong><\/em><\/p>\n<p><img loading=\"lazy\" decoding=\"async\" class=\"alignright size-large wp-image-19538\" src=\"https:\/\/blogs.correiobraziliense.com.br\/servidor\/wp-content\/uploads\/sites\/10\/2021\/05\/SOU-GOV-BR-1024x178.png\" alt=\"\" width=\"1024\" height=\"178\" \/><\/p>\n<p>Depois de passar por todas as etapas da fase de testes, iniciada no fim de novembro de 2020, a prova de vida digital agora est\u00e1 dispon\u00edvel para os cerca de 700 mil aposentados, pensionistas e anistiados pol\u00edticos civis e seus pensionistas\u2013 de que trata a Lei n\u00ba 10.559, de 13 de novembro de 2002\u2013 que s\u00e3o do Poder Executivo Federal e benefici\u00e1rios do Regime Pr\u00f3prio de Previd\u00eancia Social (RPPS).<\/p>\n<p>\u201cO governo federal est\u00e1 simplificando a vida dos aposentados, pensionistas e anistiados. A <a href=\"https:\/\/www.gov.br\/servidor\/pt-br\/acesso-a-informacao\/faq\/sou-gov.br\/prova-de-vida\/prova-de-vida\">prova de vida digital<\/a> evita o deslocamento e permite que a pessoa realize o procedimento a qualquer hora e em qualquer lugar, seja no Brasil ou no exterior. Isso garante maior seguran\u00e7a, rapidez e praticidade no atendimento a este p\u00fablico\u201d, afirma o secret\u00e1rio especial de Desburocratiza\u00e7\u00e3o, Gest\u00e3o e Governo Digital do Minist\u00e9rio da Economia, Caio Mario Paes de Andrade.<\/p>\n<p>Na atual situa\u00e7\u00e3o de emerg\u00eancia de sa\u00fade p\u00fablica decorrente da pandemia, a comprova\u00e7\u00e3o por meio digital tamb\u00e9m \u00e9 uma medida de prote\u00e7\u00e3o aos benefici\u00e1rios que, em sua maioria, s\u00e3o idosos e considerados mais vulner\u00e1veis ao cont\u00e1gio e ao agravamento da doen\u00e7a causada pelo novo coronav\u00edrus.<\/p>\n<p>A prova de vida digital \u00e9 uma alternativa ao comparecimento presencial \u00e0 ag\u00eancia banc\u00e1ria, por meio da qual o benefici\u00e1rio recebe seu provento ou pens\u00e3o. O servi\u00e7o pode ser acessado pelo aplicativo <a href=\"https:\/\/www.gov.br\/servidor\/pt-br\/acesso-a-informacao\/servidor\/sou-gov\">SouGov.br<\/a>, canal de atendimento rec\u00e9m-lan\u00e7ado pelo governo federal, exclusivo para servidores p\u00fablicos federais ativos, aposentados, pensionistas e anistiados em substitui\u00e7\u00e3o ao aplicativo Sigepe Mobile.<\/p>\n<p>Para realizar a Prova de Vida Digital, por\u00e9m, o benefici\u00e1rio precisa ter\u00e1 biometria cadastrada no Tribunal Superior Eleitoral (TSE) ou no Departamento Nacional de Tr\u00e2nsito (Denatran). A comprova\u00e7\u00e3o digital \u00e9 feita por meio da valida\u00e7\u00e3o facial, conforme instru\u00e7\u00f5es presentes no aplicativo SouGov.br.<\/p>\n<p>Outra novidade do SouGov.br \u00e9 que todos os benefici\u00e1rios \u2013 independentemente de ter ou n\u00e3o biometria \u2013 podem acompanhar a situa\u00e7\u00e3o da prova de vida por meio do aplicativo, e tamb\u00e9m obter o comprovante e receber notifica\u00e7\u00f5es para lembrar do prazo para a realiza\u00e7\u00e3o da comprova\u00e7\u00e3o.<\/p>\n<p>Na fase piloto \u2013 que aconteceu entre novembro de 2020 e abril de 2021\u2013 a prova de vida digital foi realizada por cerca de 10 mil aposentados, pensionistas e anistiados, benefici\u00e1rios do Regime Pr\u00f3prio de Previd\u00eancia Social. Hoje, esse n\u00famero j\u00e1 passou de 15 mil pessoas.<\/p>\n<p><strong>Prova de vida convencional<\/strong><\/p>\n<p>Quem n\u00e3o tiver a biometria cadastrada no TSE ou no Denatran, ou n\u00e3o optar pela comprova\u00e7\u00e3o digital, deve realizar a prova de vida no banco em que recebe o provento ou benef\u00edcio.<\/p>\n<p>Todas as informa\u00e7\u00f5es sobre a realiza\u00e7\u00e3o da prova de vida digital e o seu acompanhamento pelo aplicativo SouGov.br est\u00e3o dispon\u00edveis no Portal do Servidor.<\/p>\n<p><strong>Suspens\u00e3o da prova de vida<\/strong><\/p>\n<p>A obrigatoriedade da prova de vida anual de aposentados, pensionistas e anistiados pol\u00edticos civis da Administra\u00e7\u00e3o P\u00fablica federal est\u00e1 suspensa at\u00e9 31 de maio deste ano. A determina\u00e7\u00e3o consta da Instru\u00e7\u00e3o Normativa SGP\/SEDGG\/ME n\u00ba 32, publicada em 16 de mar\u00e7o de 2021.<\/p>\n<p><a href=\"https:\/\/www.gov.br\/servidor\/pt-br\/acesso-a-informacao\/servidor\/recadastramento\/recadastramento\">Mais informa\u00e7\u00f5es sobre a prova de vida<\/a><\/p>\n","protected":false},"excerpt":{"rendered":"<p>Com a solu\u00e7\u00e3o tecnol\u00f3gica dispon\u00edvel para benefici\u00e1rios que t\u00eam biometria cadastrada no TSE ou Denatran. Eles\u00a0 n\u00e3o precisam mais se deslocar at\u00e9 uma ag\u00eancia banc\u00e1ria para a comprova\u00e7\u00e3o Depois de passar por todas as etapas da fase de testes, iniciada no fim de novembro de 2020, a prova de vida digital agora est\u00e1 dispon\u00edvel para os cerca de 700 mil [&hellip;]<\/p>\n","protected":false},"author":27,"featured_media":0,"comment_status":"open","ping_status":"closed","sticky":false,"template":"","format":"standard","meta":{"footnotes":""},"categories":[2719],"tags":[18012,345,980,17245,9205,87,443,17255,346,16078,616,58,2053],"class_list":["post-19537","post","type-post","status-publish","format-standard","hentry","category-servidor","tag-anistiados","tag-aposentados","tag-beneficiarios","tag-contagio","tag-denatran","tag-digital","tag-idosos","tag-pandemia","tag-pensionistas","tag-prova-de-vida","tag-saude","tag-servidores","tag-tse"],"_links":{"self":[{"href":"https:\/\/blogs.correiobraziliense.com.br\/servidor\/wp-json\/wp\/v2\/posts\/19537","targetHints":{"allow":["GET"]}}],"collection":[{"href":"https:\/\/blogs.correiobraziliense.com.br\/servidor\/wp-json\/wp\/v2\/posts"}],"about":[{"href":"https:\/\/blogs.correiobraziliense.com.br\/servidor\/wp-json\/wp\/v2\/types\/post"}],"author":[{"embeddable":true,"href":"https:\/\/blogs.correiobraziliense.com.br\/servidor\/wp-json\/wp\/v2\/users\/27"}],"replies":[{"embeddable":true,"href":"https:\/\/blogs.correiobraziliense.com.br\/servidor\/wp-json\/wp\/v2\/comments?post=19537"}],"version-history":[{"count":2,"href":"https:\/\/blogs.correiobraziliense.com.br\/servidor\/wp-json\/wp\/v2\/posts\/19537\/revisions"}],"predecessor-version":[{"id":19545,"href":"https:\/\/blogs.correiobraziliense.com.br\/servidor\/wp-json\/wp\/v2\/posts\/19537\/revisions\/19545"}],"wp:attachment":[{"href":"https:\/\/blogs.correiobraziliense.com.br\/servidor\/wp-json\/wp\/v2\/media?parent=19537"}],"wp:term":[{"taxonomy":"category","embeddable":true,"href":"https:\/\/blogs.correiobraziliense.com.br\/servidor\/wp-json\/wp\/v2\/categories?post=19537"},{"taxonomy":"post_tag","embeddable":true,"href":"https:\/\/blogs.correiobraziliense.com.br\/servidor\/wp-json\/wp\/v2\/tags?post=19537"}],"curies":[{"name":"wp","href":"https:\/\/api.w.org\/{rel}","templated":true}]}}