{"id":19532,"date":"2021-05-13T18:56:18","date_gmt":"2021-05-13T21:56:18","guid":{"rendered":"https:\/\/blogs.correiobraziliense.com.br\/servidor\/?p=19532"},"modified":"2021-05-13T18:56:18","modified_gmt":"2021-05-13T21:56:18","slug":"adcap-denuncia-que-a-cdeics-aprovou-um-projeto-inconstitucional-com-vicio-de-origem-lesivo-a-uniao-e-sem-fonte-de-recursos-definida","status":"publish","type":"post","link":"https:\/\/blogs.correiobraziliense.com.br\/servidor\/adcap-denuncia-que-a-cdeics-aprovou-um-projeto-inconstitucional-com-vicio-de-origem-lesivo-a-uniao-e-sem-fonte-de-recursos-definida\/","title":{"rendered":"ADCAP denuncia que a CDEICS aprovou um projeto inconstitucional, com v\u00edcio de origem, lesivo \u00e0 Uni\u00e3o e sem fonte de recursos definida"},"content":{"rendered":"<p><em><strong>A Associa\u00e7\u00e3o Nacional dos Funcion\u00e1rios dos Correios (ADCAP) aponta que a Comiss\u00e3o de Desenvolvimento, Ind\u00fastria, Com\u00e9rcio e Servi\u00e7os (CDEICS) aprovou nesta quarta-feira (12\/05), o substitutivo apresentado pelo deputado Alexis Fonteyne ao PL-7.888\/2017 e seu apensado, PL-4110\/2019, que acarreta gastos \u00e0 Uni\u00e3o<\/strong><\/em><\/p>\n<p><img loading=\"lazy\" decoding=\"async\" class=\"alignright size-full wp-image-19489\" src=\"https:\/\/blogs.correiobraziliense.com.br\/servidor\/wp-content\/uploads\/sites\/10\/2021\/05\/TESTA-DE-FERRO.jpg\" alt=\"\" width=\"120\" height=\"80\" \/><\/p>\n<p>Veja a nota:<\/p>\n<p>&#8220;Para a ADCAP \u2013 Associa\u00e7\u00e3o dos Profissionais dos Correios, a aprova\u00e7\u00e3o havida \u00e9 mera tentativa de demonstra\u00e7\u00e3o de for\u00e7a da base governista na C\u00e2mara, pois o projeto principal que cuida do tema \u00e9 o 591\/2021, apresentado pelo governo. Al\u00e9m disso, a ADCAP alerta que o PL-7.488\/2021 \u00e9 inconstitucional, pois afronta o previsto no artigo 21 da Constitui\u00e7\u00e3o Federal, tem v\u00edcio de origem, pois foi apresentado por um deputado e n\u00e3o pelo governo como deveria acontecer nesse tema, \u00e9 lesivo \u00e0 Uni\u00e3o, por implicar despesas desnecess\u00e1rias, e n\u00e3o aponta as fontes de recursos para a sua implementa\u00e7\u00e3o.<\/p>\n<p>A ADCAP alerta ainda para o fato de que membros do governo e parlamentares alinhados t\u00eam usado sistematicamente informa\u00e7\u00f5es falsas sobre os Correios, na tentativa de macular a imagem da organiza\u00e7\u00e3o, para depreci\u00e1-la e, assim, favorecer os fundos de investimentos que eventualmente venham a adquirir participa\u00e7\u00e3o na Empresa no caso de abertura de capital ou de privatiza\u00e7\u00e3o plena.<\/p>\n<p>Dire\u00e7\u00e3o Nacional da ADCAP&#8221;<\/p>\n","protected":false},"excerpt":{"rendered":"<p>A Associa\u00e7\u00e3o Nacional dos Funcion\u00e1rios dos Correios (ADCAP) aponta que a Comiss\u00e3o de Desenvolvimento, Ind\u00fastria, Com\u00e9rcio e Servi\u00e7os (CDEICS) aprovou nesta quarta-feira (12\/05), o substitutivo apresentado pelo deputado Alexis Fonteyne ao PL-7.888\/2017 e seu apensado, PL-4110\/2019, que acarreta gastos \u00e0 Uni\u00e3o Veja a nota: &#8220;Para a ADCAP \u2013 Associa\u00e7\u00e3o dos Profissionais dos Correios, a aprova\u00e7\u00e3o havida \u00e9 mera tentativa de [&hellip;]<\/p>\n","protected":false},"author":27,"featured_media":0,"comment_status":"open","ping_status":"closed","sticky":false,"template":"","format":"standard","meta":{"footnotes":""},"categories":[2719],"tags":[5181,61,1463,18903,20,10882,98,268,18904,1001],"class_list":["post-19532","post","type-post","status-publish","format-standard","hentry","category-servidor","tag-adcap","tag-camara","tag-capital","tag-cdics","tag-correios","tag-fundos-de-investimentos","tag-governo","tag-parlamentares","tag-pl-7-888-2017","tag-privatizacao"],"_links":{"self":[{"href":"https:\/\/blogs.correiobraziliense.com.br\/servidor\/wp-json\/wp\/v2\/posts\/19532","targetHints":{"allow":["GET"]}}],"collection":[{"href":"https:\/\/blogs.correiobraziliense.com.br\/servidor\/wp-json\/wp\/v2\/posts"}],"about":[{"href":"https:\/\/blogs.correiobraziliense.com.br\/servidor\/wp-json\/wp\/v2\/types\/post"}],"author":[{"embeddable":true,"href":"https:\/\/blogs.correiobraziliense.com.br\/servidor\/wp-json\/wp\/v2\/users\/27"}],"replies":[{"embeddable":true,"href":"https:\/\/blogs.correiobraziliense.com.br\/servidor\/wp-json\/wp\/v2\/comments?post=19532"}],"version-history":[{"count":1,"href":"https:\/\/blogs.correiobraziliense.com.br\/servidor\/wp-json\/wp\/v2\/posts\/19532\/revisions"}],"predecessor-version":[{"id":19533,"href":"https:\/\/blogs.correiobraziliense.com.br\/servidor\/wp-json\/wp\/v2\/posts\/19532\/revisions\/19533"}],"wp:attachment":[{"href":"https:\/\/blogs.correiobraziliense.com.br\/servidor\/wp-json\/wp\/v2\/media?parent=19532"}],"wp:term":[{"taxonomy":"category","embeddable":true,"href":"https:\/\/blogs.correiobraziliense.com.br\/servidor\/wp-json\/wp\/v2\/categories?post=19532"},{"taxonomy":"post_tag","embeddable":true,"href":"https:\/\/blogs.correiobraziliense.com.br\/servidor\/wp-json\/wp\/v2\/tags?post=19532"}],"curies":[{"name":"wp","href":"https:\/\/api.w.org\/{rel}","templated":true}]}}