{"id":19513,"date":"2021-05-13T11:52:37","date_gmt":"2021-05-13T14:52:37","guid":{"rendered":"https:\/\/blogs.correiobraziliense.com.br\/servidor\/?p=19513"},"modified":"2021-05-13T11:52:37","modified_gmt":"2021-05-13T14:52:37","slug":"federacao-do-judiciario-estadual-faz-ato-virtual-contra-a-reforma-administrativa","status":"publish","type":"post","link":"https:\/\/blogs.correiobraziliense.com.br\/servidor\/federacao-do-judiciario-estadual-faz-ato-virtual-contra-a-reforma-administrativa\/","title":{"rendered":"Federa\u00e7\u00e3o do Judici\u00e1rio Estadual faz ato virtual contra a reforma administrativa"},"content":{"rendered":"<p><em><strong>Atividade acontece hoje, 13 de maio, das 14h \u00e0s 18h, no canal do YouTube da Fenajud. Debate ter\u00e1 a presen\u00e7a de parlamentares e especialistas t\u00e9cnicos.<\/strong><\/em><\/p>\n<p><img loading=\"lazy\" decoding=\"async\" class=\"alignright size-full wp-image-19514\" src=\"https:\/\/blogs.correiobraziliense.com.br\/servidor\/wp-content\/uploads\/sites\/10\/2021\/05\/WhatsApp-Image-2021-05-12-at-16.25.35.jpeg\" alt=\"\" width=\"1000\" height=\"1000\" srcset=\"https:\/\/blogs.correiobraziliense.com.br\/servidor\/wp-content\/uploads\/sites\/10\/2021\/05\/WhatsApp-Image-2021-05-12-at-16.25.35.jpeg 1000w, https:\/\/blogs.correiobraziliense.com.br\/servidor\/wp-content\/uploads\/sites\/10\/2021\/05\/WhatsApp-Image-2021-05-12-at-16.25.35-150x150.jpeg 150w, https:\/\/blogs.correiobraziliense.com.br\/servidor\/wp-content\/uploads\/sites\/10\/2021\/05\/WhatsApp-Image-2021-05-12-at-16.25.35-300x300.jpeg 300w, https:\/\/blogs.correiobraziliense.com.br\/servidor\/wp-content\/uploads\/sites\/10\/2021\/05\/WhatsApp-Image-2021-05-12-at-16.25.35-768x768.jpeg 768w, https:\/\/blogs.correiobraziliense.com.br\/servidor\/wp-content\/uploads\/sites\/10\/2021\/05\/WhatsApp-Image-2021-05-12-at-16.25.35-800x800.jpeg 800w, https:\/\/blogs.correiobraziliense.com.br\/servidor\/wp-content\/uploads\/sites\/10\/2021\/05\/WhatsApp-Image-2021-05-12-at-16.25.35-550x550.jpeg 550w, https:\/\/blogs.correiobraziliense.com.br\/servidor\/wp-content\/uploads\/sites\/10\/2021\/05\/WhatsApp-Image-2021-05-12-at-16.25.35-230x230.jpeg 230w\" sizes=\"auto, (max-width: 1000px) 100vw, 1000px\" \/><\/p>\n<p>A Federa\u00e7\u00e3o Nacional dos Trabalhadores do Judici\u00e1rio nos Estados (Fenajud) faz nesta quinta-feira (13\/05) o Ato Nacional dos Trabalhadores do Judici\u00e1rio Contra a Reforma Administrativa, com a participa\u00e7\u00e3o do senador Randolfe Rodrigues (Rede-AP), Nat\u00e1lia Bonavides (PT-RN), Elvino Bonn Gass (PT-RS), Alice Portugal (PCdoB-BA), Fernanda Melchionna (PSOL-RS) e dos especialistas t\u00e9cnicos, Mariel Lopes, Dieese; e Paulo Rubem, professor da Universidade Federal de Pernambuco. A apresenta\u00e7\u00e3o ser\u00e1 do coordenador-geral da entidade, Janivaldo Nunes, e pela coordenadora da Regional Norte, Anne Marques.<\/p>\n<p>&#8220;O evento tem como objetivo mobilizar a popula\u00e7\u00e3o, os servidores e servidoras p\u00fablicas e pressionar o Congresso Nacional para que os parlamentares rejeitem a reforma administrativa do governo federal. A PEC 32\/20 prev\u00ea o fim dos servi\u00e7os p\u00fablicos gratuitos e o desmonte de uma s\u00e9rie de direitos, como o fim da estabilidade dos servidores, da paridade, do Regime Jur\u00eddico \u00danico, dos concursos p\u00fablicos, entre outras mudan\u00e7as. A atividade ser\u00e1 encerrada com agenda cultural&#8221;, informa a Fenajud.<\/p>\n<p>O debate poder\u00e1 ser acompanhado por meio do canal:\u00a0<a href=\"https:\/\/www.youtube.com\/watch?v=tmBaBBVMhL0\" target=\"_blank\" rel=\"noopener\">https:\/\/www.youtube.com\/watch?v=tmBaBBVMhL0<\/a><\/p>\n<p>&nbsp;<\/p>\n","protected":false},"excerpt":{"rendered":"<p>Atividade acontece hoje, 13 de maio, das 14h \u00e0s 18h, no canal do YouTube da Fenajud. Debate ter\u00e1 a presen\u00e7a de parlamentares e especialistas t\u00e9cnicos. A Federa\u00e7\u00e3o Nacional dos Trabalhadores do Judici\u00e1rio nos Estados (Fenajud) faz nesta quinta-feira (13\/05) o Ato Nacional dos Trabalhadores do Judici\u00e1rio Contra a Reforma Administrativa, com a participa\u00e7\u00e3o do senador Randolfe Rodrigues (Rede-AP), Nat\u00e1lia Bonavides [&hellip;]<\/p>\n","protected":false},"author":27,"featured_media":0,"comment_status":"open","ping_status":"closed","sticky":false,"template":"","format":"standard","meta":{"footnotes":""},"categories":[2719],"tags":[21,619,620,64,268,18170,15938,9340,58,2781],"class_list":["post-19513","post","type-post","status-publish","format-standard","hentry","category-servidor","tag-ato","tag-direitos","tag-estabilidade","tag-judiciario","tag-parlamentares","tag-pec-32-2020","tag-reforma-administrativa","tag-rju","tag-servidores","tag-tecnicos"],"_links":{"self":[{"href":"https:\/\/blogs.correiobraziliense.com.br\/servidor\/wp-json\/wp\/v2\/posts\/19513","targetHints":{"allow":["GET"]}}],"collection":[{"href":"https:\/\/blogs.correiobraziliense.com.br\/servidor\/wp-json\/wp\/v2\/posts"}],"about":[{"href":"https:\/\/blogs.correiobraziliense.com.br\/servidor\/wp-json\/wp\/v2\/types\/post"}],"author":[{"embeddable":true,"href":"https:\/\/blogs.correiobraziliense.com.br\/servidor\/wp-json\/wp\/v2\/users\/27"}],"replies":[{"embeddable":true,"href":"https:\/\/blogs.correiobraziliense.com.br\/servidor\/wp-json\/wp\/v2\/comments?post=19513"}],"version-history":[{"count":1,"href":"https:\/\/blogs.correiobraziliense.com.br\/servidor\/wp-json\/wp\/v2\/posts\/19513\/revisions"}],"predecessor-version":[{"id":19515,"href":"https:\/\/blogs.correiobraziliense.com.br\/servidor\/wp-json\/wp\/v2\/posts\/19513\/revisions\/19515"}],"wp:attachment":[{"href":"https:\/\/blogs.correiobraziliense.com.br\/servidor\/wp-json\/wp\/v2\/media?parent=19513"}],"wp:term":[{"taxonomy":"category","embeddable":true,"href":"https:\/\/blogs.correiobraziliense.com.br\/servidor\/wp-json\/wp\/v2\/categories?post=19513"},{"taxonomy":"post_tag","embeddable":true,"href":"https:\/\/blogs.correiobraziliense.com.br\/servidor\/wp-json\/wp\/v2\/tags?post=19513"}],"curies":[{"name":"wp","href":"https:\/\/api.w.org\/{rel}","templated":true}]}}