{"id":19507,"date":"2021-05-12T21:43:17","date_gmt":"2021-05-13T00:43:17","guid":{"rendered":"https:\/\/blogs.correiobraziliense.com.br\/servidor\/?p=19507"},"modified":"2021-05-12T21:43:17","modified_gmt":"2021-05-13T00:43:17","slug":"relatorio-da-reforma-administrativa-sera-lido-amanha-13-de-maio","status":"publish","type":"post","link":"https:\/\/blogs.correiobraziliense.com.br\/servidor\/relatorio-da-reforma-administrativa-sera-lido-amanha-13-de-maio\/","title":{"rendered":"Relat\u00f3rio da reforma administrativa ser\u00e1 lido amanh\u00e3, 13 de maio"},"content":{"rendered":"<p><em><strong>O relator da Proposta de Emenda \u00e0 Constitui\u00e7\u00e3o (PEC 32\/2020), deputado Darci de Matos (PSD-SC), confirmou que a leitura do relat\u00f3rio na Comiss\u00e3o de Constitui\u00e7\u00e3o e Justi\u00e7a (CCJ) est\u00e1 na pauta desta quinta-feira<\/strong><\/em><\/p>\n<p><img loading=\"lazy\" decoding=\"async\" class=\"alignright size-full wp-image-19508\" src=\"https:\/\/blogs.correiobraziliense.com.br\/servidor\/wp-content\/uploads\/sites\/10\/2021\/05\/DARCI-DE-MATOS.jpg\" alt=\"\" width=\"640\" height=\"480\" srcset=\"https:\/\/blogs.correiobraziliense.com.br\/servidor\/wp-content\/uploads\/sites\/10\/2021\/05\/DARCI-DE-MATOS.jpg 640w, https:\/\/blogs.correiobraziliense.com.br\/servidor\/wp-content\/uploads\/sites\/10\/2021\/05\/DARCI-DE-MATOS-300x225.jpg 300w, https:\/\/blogs.correiobraziliense.com.br\/servidor\/wp-content\/uploads\/sites\/10\/2021\/05\/DARCI-DE-MATOS-550x413.jpg 550w, https:\/\/blogs.correiobraziliense.com.br\/servidor\/wp-content\/uploads\/sites\/10\/2021\/05\/DARCI-DE-MATOS-230x173.jpg 230w\" sizes=\"auto, (max-width: 640px) 100vw, 640px\" \/><\/p>\n<p>De acordo com o parlamentar, a reforma vai modernizar o servi\u00e7o p\u00fablico, sem retirar direitos dos atuais servidores federais, com economia de R$ 300 bilh\u00f5es, em 10 anos. O texto foi protocolado na segunda-feira, ap\u00f3s uma audi\u00eancia p\u00fablica, com a participa\u00e7\u00e3o do ministro da Economia, Paulo Guedes. &#8220;Parece, mas n\u00e3o foi r\u00e1pido, n\u00e3o. Estamos com o texto enviado pelo governo a meses. E fizemos sete audi\u00eancia. Na reforma da Previd\u00eancia, por exemplo, foram apenas tr\u00eas&#8221;, justificou o deputado.<\/p>\n<p>Ele fez algumas altera\u00e7\u00f5es no texto original. Uma delas foi a retirada do poder do presidente da Rep\u00fablica de extinguir, fundir ou transformar \u00f3rg\u00e3os por decreto. Tamb\u00e9m acrescentou a permiss\u00e3o para que servidores de cargos t\u00edpicos de Estado desempenhe outras atividades remuneradas, algo que \u00e9 vedado no texto original da reforma administrativa.<\/p>\n","protected":false},"excerpt":{"rendered":"<p>O relator da Proposta de Emenda \u00e0 Constitui\u00e7\u00e3o (PEC 32\/2020), deputado Darci de Matos (PSD-SC), confirmou que a leitura do relat\u00f3rio na Comiss\u00e3o de Constitui\u00e7\u00e3o e Justi\u00e7a (CCJ) est\u00e1 na pauta desta quinta-feira De acordo com o parlamentar, a reforma vai modernizar o servi\u00e7o p\u00fablico, sem retirar direitos dos atuais servidores federais, com economia de R$ 300 bilh\u00f5es, em 10 [&hellip;]<\/p>\n","protected":false},"author":27,"featured_media":0,"comment_status":"open","ping_status":"closed","sticky":false,"template":"","format":"standard","meta":{"footnotes":""},"categories":[2719],"tags":[463,791,18898,619,18170,81,3169,13625,58],"class_list":["post-19507","post","type-post","status-publish","format-standard","hentry","category-servidor","tag-atividades","tag-cargos","tag-darci-de-matos","tag-direitos","tag-pec-32-2020","tag-presidente","tag-relator","tag-remuneradas","tag-servidores"],"_links":{"self":[{"href":"https:\/\/blogs.correiobraziliense.com.br\/servidor\/wp-json\/wp\/v2\/posts\/19507","targetHints":{"allow":["GET"]}}],"collection":[{"href":"https:\/\/blogs.correiobraziliense.com.br\/servidor\/wp-json\/wp\/v2\/posts"}],"about":[{"href":"https:\/\/blogs.correiobraziliense.com.br\/servidor\/wp-json\/wp\/v2\/types\/post"}],"author":[{"embeddable":true,"href":"https:\/\/blogs.correiobraziliense.com.br\/servidor\/wp-json\/wp\/v2\/users\/27"}],"replies":[{"embeddable":true,"href":"https:\/\/blogs.correiobraziliense.com.br\/servidor\/wp-json\/wp\/v2\/comments?post=19507"}],"version-history":[{"count":1,"href":"https:\/\/blogs.correiobraziliense.com.br\/servidor\/wp-json\/wp\/v2\/posts\/19507\/revisions"}],"predecessor-version":[{"id":19509,"href":"https:\/\/blogs.correiobraziliense.com.br\/servidor\/wp-json\/wp\/v2\/posts\/19507\/revisions\/19509"}],"wp:attachment":[{"href":"https:\/\/blogs.correiobraziliense.com.br\/servidor\/wp-json\/wp\/v2\/media?parent=19507"}],"wp:term":[{"taxonomy":"category","embeddable":true,"href":"https:\/\/blogs.correiobraziliense.com.br\/servidor\/wp-json\/wp\/v2\/categories?post=19507"},{"taxonomy":"post_tag","embeddable":true,"href":"https:\/\/blogs.correiobraziliense.com.br\/servidor\/wp-json\/wp\/v2\/tags?post=19507"}],"curies":[{"name":"wp","href":"https:\/\/api.w.org\/{rel}","templated":true}]}}