{"id":195,"date":"2015-04-20T20:03:00","date_gmt":"2015-04-20T23:03:00","guid":{"rendered":"https:\/\/blogs.correiobraziliense.com.br\/servidor\/audiencia_entre_chery_e_sindicato_dos_metalurgicos_sera_dia_22\/"},"modified":"2015-04-20T20:03:00","modified_gmt":"2015-04-20T23:03:00","slug":"audiencia_entre_chery_e_sindicato_dos_metalurgicos_sera_dia_22","status":"publish","type":"post","link":"https:\/\/blogs.correiobraziliense.com.br\/servidor\/audiencia_entre_chery_e_sindicato_dos_metalurgicos_sera_dia_22\/","title":{"rendered":"AUDI\u00caNCIA ENTRE CHERY E SINDICATO DOS METAL\u00daRGICOS SER\u00c1 DIA 22"},"content":{"rendered":"<p>O Tribunal Regional  do Trabalho \u2013 15\u00aa. Regi\u00e3o marcou para a pr\u00f3xima quarta-feira, dia 22, \u00e0s  14h, a audi\u00eancia de concilia\u00e7\u00e3o entre a montadora Chery e o Sindicato  dos Metal\u00fargicos de S\u00e3o Jos\u00e9 dos Campos e Regi\u00e3o. &nbsp;Estar\u00e1  em discuss\u00e3o a situa\u00e7\u00e3o dos trabalhadores da Chery, que reivindicam o  cumprimento de normas coletivas de trabalho, com sal\u00e1rios e direitos  compat\u00edveis com o setor automotivo. Durante todas as rodadas de  negocia\u00e7\u00e3o com o Sindicato, a empresa se recusou a atender as  reivindica\u00e7\u00f5es da categoria. Em raz\u00e3o desse impasse, o Sindicato ajuizou  a a\u00e7\u00e3o de diss\u00eddio coletivo. Os trabalhadores est\u00e3o em greve desde o  dia 6 de abril. <\/p>\n<p>Na  \u00faltima rodada de negocia\u00e7\u00e3o com o Sindicato, no dia 14, a Chery  prop\u00f4s reajuste apenas para o piso salarial, que passaria de R$ 1.199  para R$ 1.400 este m\u00eas e para R$ 1.470 em setembro (data-base da  categoria).&nbsp; Todas as outras faixas salariais ficariam de fora do  reajuste. A proposta foi rejeitada na mesa de negocia\u00e7\u00e3o pelo  Sindicato.&nbsp;  <\/p>\n<p>A audi\u00eancia de concilia\u00e7\u00e3o ser\u00e1 na Se\u00e7\u00e3o de Diss\u00eddios Coletivos do TRT de Campinas.  <\/p>\n<p>Bras\u00edlia, 20h03min   <\/p>\n","protected":false},"excerpt":{"rendered":"<p>O Tribunal Regional do Trabalho \u2013 15\u00aa. Regi\u00e3o marcou para a pr\u00f3xima quarta-feira, dia 22, \u00e0s 14h, a audi\u00eancia de concilia\u00e7\u00e3o entre a montadora Chery e o Sindicato dos Metal\u00fargicos de S\u00e3o Jos\u00e9 dos Campos e Regi\u00e3o. &nbsp;Estar\u00e1 em discuss\u00e3o a situa\u00e7\u00e3o dos trabalhadores da Chery, que reivindicam o cumprimento de normas coletivas de trabalho, com sal\u00e1rios e direitos compat\u00edveis [&hellip;]<\/p>\n","protected":false},"author":27,"featured_media":0,"comment_status":"open","ping_status":"open","sticky":false,"template":"","format":"standard","meta":{"footnotes":""},"categories":[1],"tags":[],"class_list":["post-195","post","type-post","status-publish","format-standard","hentry","category-sem-categoria"],"_links":{"self":[{"href":"https:\/\/blogs.correiobraziliense.com.br\/servidor\/wp-json\/wp\/v2\/posts\/195","targetHints":{"allow":["GET"]}}],"collection":[{"href":"https:\/\/blogs.correiobraziliense.com.br\/servidor\/wp-json\/wp\/v2\/posts"}],"about":[{"href":"https:\/\/blogs.correiobraziliense.com.br\/servidor\/wp-json\/wp\/v2\/types\/post"}],"author":[{"embeddable":true,"href":"https:\/\/blogs.correiobraziliense.com.br\/servidor\/wp-json\/wp\/v2\/users\/27"}],"replies":[{"embeddable":true,"href":"https:\/\/blogs.correiobraziliense.com.br\/servidor\/wp-json\/wp\/v2\/comments?post=195"}],"version-history":[{"count":0,"href":"https:\/\/blogs.correiobraziliense.com.br\/servidor\/wp-json\/wp\/v2\/posts\/195\/revisions"}],"wp:attachment":[{"href":"https:\/\/blogs.correiobraziliense.com.br\/servidor\/wp-json\/wp\/v2\/media?parent=195"}],"wp:term":[{"taxonomy":"category","embeddable":true,"href":"https:\/\/blogs.correiobraziliense.com.br\/servidor\/wp-json\/wp\/v2\/categories?post=195"},{"taxonomy":"post_tag","embeddable":true,"href":"https:\/\/blogs.correiobraziliense.com.br\/servidor\/wp-json\/wp\/v2\/tags?post=195"}],"curies":[{"name":"wp","href":"https:\/\/api.w.org\/{rel}","templated":true}]}}