{"id":19484,"date":"2021-05-12T11:58:30","date_gmt":"2021-05-12T14:58:30","guid":{"rendered":"https:\/\/blogs.correiobraziliense.com.br\/servidor\/?p=19484"},"modified":"2021-05-12T11:58:30","modified_gmt":"2021-05-12T14:58:30","slug":"fenapef-contesta-declaracoes-de-guedes-na-ccj","status":"publish","type":"post","link":"https:\/\/blogs.correiobraziliense.com.br\/servidor\/fenapef-contesta-declaracoes-de-guedes-na-ccj\/","title":{"rendered":"Fenapef contesta declara\u00e7\u00f5es de Guedes na CCJ"},"content":{"rendered":"<p><em><strong>Os policiais federais &#8211; categoria que votou em massa na atual gest\u00e3o, assim como todos os integrantes das for\u00e7as de seguran\u00e7a &#8211; desembarcaram recentemente do governo ap\u00f3s demonstra\u00e7\u00f5es do Executivo de que n\u00e3o poupar\u00e1 ningu\u00e9m &#8220;da f\u00faria do dono da chave do cofre&#8221;.\u00a0Em nota, a Federa\u00e7\u00e3o Nacional dos Policiais Federais (Fenapef) alerta para um poss\u00edvel risco de Guedes n\u00e3o permanecer no cargo, caso continue com os ataques aos servidores<\/strong><\/em><\/p>\n<p><img loading=\"lazy\" decoding=\"async\" class=\"alignright size-full wp-image-19220\" src=\"https:\/\/blogs.correiobraziliense.com.br\/servidor\/wp-content\/uploads\/sites\/10\/2021\/03\/POLICIAIS-DIAP.jpg\" alt=\"\" width=\"800\" height=\"498\" srcset=\"https:\/\/blogs.correiobraziliense.com.br\/servidor\/wp-content\/uploads\/sites\/10\/2021\/03\/POLICIAIS-DIAP.jpg 800w, https:\/\/blogs.correiobraziliense.com.br\/servidor\/wp-content\/uploads\/sites\/10\/2021\/03\/POLICIAIS-DIAP-300x187.jpg 300w, https:\/\/blogs.correiobraziliense.com.br\/servidor\/wp-content\/uploads\/sites\/10\/2021\/03\/POLICIAIS-DIAP-768x478.jpg 768w, https:\/\/blogs.correiobraziliense.com.br\/servidor\/wp-content\/uploads\/sites\/10\/2021\/03\/POLICIAIS-DIAP-550x342.jpg 550w, https:\/\/blogs.correiobraziliense.com.br\/servidor\/wp-content\/uploads\/sites\/10\/2021\/03\/POLICIAIS-DIAP-230x143.jpg 230w\" sizes=\"auto, (max-width: 800px) 100vw, 800px\" \/><\/p>\n<p>&#8220;Pedimos ao ministro que, caso deseje continuar no Governo, no comando dessa\u00a0importante Pasta, utilize menos adjetivos contra o servidor brasileiro e realize mais\u00a0feitos que beneficiem verdadeiramente os brasileiros, podendo come\u00e7ar pela\u00a0redu\u00e7\u00e3o dos pre\u00e7os do g\u00e1s de cozinha, do combust\u00edvel, da energia el\u00e9trica e do d\u00f3lar.\u00a0Enfim, mais propostas.\u00a0Reformar deve significar modernizar, melhorar, consertar. No momento, a a\u00e7\u00e3o mais\u00a0s\u00f3lida defendida pelo ministro Guedes, infelizmente, \u00e9 atacar&#8221;, diz a Fenapef.<\/p>\n<p>Veja a nota na \u00edntegra:<\/p>\n<p>&#8220;Nota p\u00fablica \u2013 Sobre as declara\u00e7\u00f5es do ministro Paulo Guedes<\/p>\n<p>Mais uma vez, de forma gratuita e desnecess\u00e1ria, assistimos ao ministro da\u00a0Economia, Paulo Guedes, desferir ataques aos servidores p\u00fablicos brasileiros,\u00a0conjunto de trabalhadores que engloba os policiais federais e servidores da Pol\u00edcia\u00a0Federal.<\/p>\n<p>Na audi\u00eancia p\u00fablica ocorrida nesta ter\u00e7a-feira (11), na Comiss\u00e3o de Constitui\u00e7\u00e3o,\u00a0Justi\u00e7a e Cidadania (CCJC) da C\u00e2mara dos Deputados, em sess\u00e3o que analisou a\u00a0admissibilidade da Proposta de Emenda Constitucional n\u00b0 32\/2020, vimos e ouvimos\u00a0a repeti\u00e7\u00e3o de uma cena que tem se tornado muito comum: o desejo do ministro de<br \/>\nresponsabilizar o servidor p\u00fablico pelas mazelas deste e de todos os governos\u00a0anteriores.<\/p>\n<p>J\u00e1 ouvimos antes men\u00e7\u00f5es jocosas e tamb\u00e9m agressivas, atribuindo a\u00a0condi\u00e7\u00e3o de parasitas e at\u00e9 sugerindo a coloca\u00e7\u00e3o de granada nos bolsos dos\u00a0servidores &#8220;inimigos&#8221; (dele). Dessa vez, foi adicionada a condi\u00e7\u00e3o de potencial\u00a0&#8220;militante pol\u00edtico&#8221; aos servidores que eventualmente fossem aprovados em\u00a0concurso p\u00fablico durante o mandato do atual Governo.<\/p>\n<p>A PEC 32 criar\u00e1 situa\u00e7\u00f5es insustent\u00e1veis dentro do servi\u00e7o p\u00fablico. \u00c9 s\u00f3 imaginar\u00a0uma reparti\u00e7\u00e3o p\u00fablica onde parte dos servidores ter\u00e1 direito a garantias como a\u00a0estabilidade e outra n\u00e3o. Ou uma corpora\u00e7\u00e3o onde \u201ctrainees\u201d ter\u00e3o acesso a\u00a0informa\u00e7\u00f5es que deveriam ser protegidas pelo sigilo, mas que poder\u00e3o ser\u00a0tranquilamente compartilhadas caso o funcion\u00e1rio deixe de fazer parte do quadro.<\/p>\n<p>Enquanto isso, algumas categorias continuam &#8211; agora pela quarta vez &#8211; a passar ao\u00a0largo da f\u00faria do dono da chave do cofre. N\u00e3o h\u00e1 reforma que inclua na chamada\u00a0&#8220;cota de sacrif\u00edcio&#8221; os militares, pol\u00edticos, ju\u00edzes e promotores, por exemplo.<\/p>\n<p>Pedimos ao ministro que, caso deseje continuar no Governo, no comando dessa\u00a0importante Pasta, utilize menos adjetivos contra o servidor brasileiro e realize mais\u00a0feitos que beneficiem verdadeiramente os brasileiros, podendo come\u00e7ar pela\u00a0redu\u00e7\u00e3o dos pre\u00e7os do g\u00e1s de cozinha, do combust\u00edvel, da energia el\u00e9trica e do d\u00f3lar.<\/p>\n<p>Enfim, mais propostas.<\/p>\n<p>Reformar deve significar modernizar, melhorar, consertar. No momento, a a\u00e7\u00e3o mais\u00a0s\u00f3lida defendida pelo ministro Guedes, infelizmente, \u00e9 atacar.<\/p>\n","protected":false},"excerpt":{"rendered":"<p>Os policiais federais &#8211; categoria que votou em massa na atual gest\u00e3o, assim como todos os integrantes das for\u00e7as de seguran\u00e7a &#8211; desembarcaram recentemente do governo ap\u00f3s demonstra\u00e7\u00f5es do Executivo de que n\u00e3o poupar\u00e1 ningu\u00e9m &#8220;da f\u00faria do dono da chave do cofre&#8221;.\u00a0Em nota, a Federa\u00e7\u00e3o Nacional dos Policiais Federais (Fenapef) alerta para um poss\u00edvel risco de Guedes n\u00e3o permanecer [&hellip;]<\/p>\n","protected":false},"author":27,"featured_media":0,"comment_status":"open","ping_status":"closed","sticky":false,"template":"","format":"standard","meta":{"footnotes":""},"categories":[2719],"tags":[2137,2866,1531,300,1648,1290,4024,373,632,9,59,107,12503,98,35,14501,18170,110,58],"class_list":["post-19484","post","type-post","status-publish","format-standard","hentry","category-servidor","tag-ataque","tag-ataques","tag-camara-dos-deputados","tag-cargo","tag-ccjc","tag-cofre","tag-combustivel","tag-dolar","tag-energia-eletrica","tag-executivo","tag-federais","tag-fenapef","tag-gas-de-cozinha","tag-governo","tag-ministro","tag-paulo-guedes","tag-pec-32-2020","tag-policiais","tag-servidores"],"_links":{"self":[{"href":"https:\/\/blogs.correiobraziliense.com.br\/servidor\/wp-json\/wp\/v2\/posts\/19484","targetHints":{"allow":["GET"]}}],"collection":[{"href":"https:\/\/blogs.correiobraziliense.com.br\/servidor\/wp-json\/wp\/v2\/posts"}],"about":[{"href":"https:\/\/blogs.correiobraziliense.com.br\/servidor\/wp-json\/wp\/v2\/types\/post"}],"author":[{"embeddable":true,"href":"https:\/\/blogs.correiobraziliense.com.br\/servidor\/wp-json\/wp\/v2\/users\/27"}],"replies":[{"embeddable":true,"href":"https:\/\/blogs.correiobraziliense.com.br\/servidor\/wp-json\/wp\/v2\/comments?post=19484"}],"version-history":[{"count":1,"href":"https:\/\/blogs.correiobraziliense.com.br\/servidor\/wp-json\/wp\/v2\/posts\/19484\/revisions"}],"predecessor-version":[{"id":19485,"href":"https:\/\/blogs.correiobraziliense.com.br\/servidor\/wp-json\/wp\/v2\/posts\/19484\/revisions\/19485"}],"wp:attachment":[{"href":"https:\/\/blogs.correiobraziliense.com.br\/servidor\/wp-json\/wp\/v2\/media?parent=19484"}],"wp:term":[{"taxonomy":"category","embeddable":true,"href":"https:\/\/blogs.correiobraziliense.com.br\/servidor\/wp-json\/wp\/v2\/categories?post=19484"},{"taxonomy":"post_tag","embeddable":true,"href":"https:\/\/blogs.correiobraziliense.com.br\/servidor\/wp-json\/wp\/v2\/tags?post=19484"}],"curies":[{"name":"wp","href":"https:\/\/api.w.org\/{rel}","templated":true}]}}