{"id":1946,"date":"2016-06-16T21:51:58","date_gmt":"2016-06-17T00:51:58","guid":{"rendered":"https:\/\/blogs.correiobraziliense.com.br\/servidor\/?p=1946"},"modified":"2016-06-16T21:51:58","modified_gmt":"2016-06-17T00:51:58","slug":"portaria-do-minha-casa-minha-vida-modalidade-entidades-e-reeditada-pelo-ministerio-das-cidades","status":"publish","type":"post","link":"https:\/\/blogs.correiobraziliense.com.br\/servidor\/portaria-do-minha-casa-minha-vida-modalidade-entidades-e-reeditada-pelo-ministerio-das-cidades\/","title":{"rendered":"Portaria do Minha Casa, Minha Vida, modalidade Entidades \u00e9 reeditada pelo Minist\u00e9rio das Cidades"},"content":{"rendered":"<p><em>Os novos crit\u00e9rios t\u00e9cnicos para sele\u00e7\u00e3o e contrata\u00e7\u00e3o de propostas e financiamento do Programa passam a ser responsabilidade da Caixa Econ\u00f4mica Federal.<\/em><\/p>\n<p>O ministro das Cidades, Bruno Ara\u00fajo, assinou hoje (16) a Portaria n\u00ba 258, que ser\u00e1 publicada no Di\u00e1rio Oficial da Uni\u00e3o dessa sexta-feira (17) e trata dos recursos do Fundo de Desenvolvimento Social (FDS) do Programa Minha Casa, Minha Vida, na modalidade Entidades.<\/p>\n<p>Conforme compromisso firmado desde meados de maio, a reedi\u00e7\u00e3o da portaria n\u00ba 173 de 13 de maio de 2016 traz aprimoramento e novos crit\u00e9rios t\u00e9cnicos para sele\u00e7\u00e3o e contrata\u00e7\u00e3o de propostas e financiamento do Programa Minha Casa, Minha Vida, modalidade Entidades, que agora passa a ser responsabilidade da Caixa Econ\u00f4mica Federal. Na nova portaria ficou mantida a rela\u00e7\u00e3o das entidades que constavam na portaria n\u00ba 173.<\/p>\n<p>Como a Caixa Econ\u00f4mica Federal tem o contato mais pr\u00f3ximo com a realidade dos locais onde ser\u00e3o executados os empreendimentos, a equipe t\u00e9cnica atribuiu a compet\u00eancia de promover o processo de sele\u00e7\u00e3o e contrata\u00e7\u00e3o do Minha Casa, Minha Vida, modalidade Entidades, \u00e0 CEF.<\/p>\n<p>A reedi\u00e7\u00e3o da portaria deixa expl\u00edcita que a Caixa Econ\u00f4mica Federal ter\u00e1 at\u00e9 o limite de 6.250 unidades habitacionais, estabelecido pela Resolu\u00e7\u00e3o n\u00ba 208, de 16 em dezembro de 2015, distribu\u00eddas por regi\u00f5es do Pa\u00eds, para a contra\u00e7\u00e3o de propostas de financiamento do MCMV Entidades.<\/p>\n<p>Para a amplia\u00e7\u00e3o do limite de contrata\u00e7\u00f5es para o exerc\u00edcio de 2016, a Secretaria Nacional de Habita\u00e7\u00e3o do Minist\u00e9rio das Cidades e a Caixa Econ\u00f4mica Federal apresentar\u00e3o a proposta ao Conselho Curador do FDS, que poder\u00e1 aumentar o limite de contrata\u00e7\u00e3o em at\u00e9 5.000 unidades habitacionais, prevista na Lei Or\u00e7ament\u00e1ria Anual.<\/p>\n","protected":false},"excerpt":{"rendered":"<p>Os novos crit\u00e9rios t\u00e9cnicos para sele\u00e7\u00e3o e contrata\u00e7\u00e3o de propostas e financiamento do Programa passam a ser responsabilidade da Caixa Econ\u00f4mica Federal. O ministro das Cidades, Bruno Ara\u00fajo, assinou hoje (16) a Portaria n\u00ba 258, que ser\u00e1 publicada no Di\u00e1rio Oficial da Uni\u00e3o dessa sexta-feira (17) e trata dos recursos do Fundo de Desenvolvimento Social (FDS) do Programa Minha Casa, [&hellip;]<\/p>\n","protected":false},"author":27,"featured_media":0,"comment_status":"open","ping_status":"closed","sticky":false,"template":"","format":"standard","meta":{"footnotes":""},"categories":[1],"tags":[701,73,2364,2362,1167,2363,316,1345],"class_list":["post-1946","post","type-post","status-publish","format-standard","hentry","category-sem-categoria","tag-caixa-economica-federal","tag-entidades","tag-fds","tag-ministerio-das-cidades","tag-portaria","tag-programa-minha-casa-minha-vida","tag-recursos","tag-responsabilidade"],"_links":{"self":[{"href":"https:\/\/blogs.correiobraziliense.com.br\/servidor\/wp-json\/wp\/v2\/posts\/1946","targetHints":{"allow":["GET"]}}],"collection":[{"href":"https:\/\/blogs.correiobraziliense.com.br\/servidor\/wp-json\/wp\/v2\/posts"}],"about":[{"href":"https:\/\/blogs.correiobraziliense.com.br\/servidor\/wp-json\/wp\/v2\/types\/post"}],"author":[{"embeddable":true,"href":"https:\/\/blogs.correiobraziliense.com.br\/servidor\/wp-json\/wp\/v2\/users\/27"}],"replies":[{"embeddable":true,"href":"https:\/\/blogs.correiobraziliense.com.br\/servidor\/wp-json\/wp\/v2\/comments?post=1946"}],"version-history":[{"count":1,"href":"https:\/\/blogs.correiobraziliense.com.br\/servidor\/wp-json\/wp\/v2\/posts\/1946\/revisions"}],"predecessor-version":[{"id":1947,"href":"https:\/\/blogs.correiobraziliense.com.br\/servidor\/wp-json\/wp\/v2\/posts\/1946\/revisions\/1947"}],"wp:attachment":[{"href":"https:\/\/blogs.correiobraziliense.com.br\/servidor\/wp-json\/wp\/v2\/media?parent=1946"}],"wp:term":[{"taxonomy":"category","embeddable":true,"href":"https:\/\/blogs.correiobraziliense.com.br\/servidor\/wp-json\/wp\/v2\/categories?post=1946"},{"taxonomy":"post_tag","embeddable":true,"href":"https:\/\/blogs.correiobraziliense.com.br\/servidor\/wp-json\/wp\/v2\/tags?post=1946"}],"curies":[{"name":"wp","href":"https:\/\/api.w.org\/{rel}","templated":true}]}}