{"id":19453,"date":"2021-05-06T17:11:37","date_gmt":"2021-05-06T20:11:37","guid":{"rendered":"https:\/\/blogs.correiobraziliense.com.br\/servidor\/?p=19453"},"modified":"2021-05-06T17:11:37","modified_gmt":"2021-05-06T20:11:37","slug":"darf-avulso-para-pagamento-de-contribuicoes-previdenciarias-nao-vai-mais-ser-emitido","status":"publish","type":"post","link":"https:\/\/blogs.correiobraziliense.com.br\/servidor\/darf-avulso-para-pagamento-de-contribuicoes-previdenciarias-nao-vai-mais-ser-emitido\/","title":{"rendered":"Darf avulso para pagamento de contribui\u00e7\u00f5es previdenci\u00e1rias n\u00e3o vai mais ser emitido"},"content":{"rendered":"<p><em><strong>O Darf avulso com c\u00f3digo de receita 9410 era uma medida tempor\u00e1ria para resolver as dificuldades, informa o Fisco.\u00a0Ap\u00f3s tr\u00eas anos da cria\u00e7\u00e3o e adapta\u00e7\u00e3o dos contribuintes \u00e0 nova forma de apura\u00e7\u00e3o, confiss\u00e3o e arrecada\u00e7\u00e3o das contribui\u00e7\u00f5es previdenci\u00e1rias, por meio do eSocial e do EFD-Reinf, a emiss\u00e3o do Darf avulso foi desativada.\u00a0Emiss\u00e3o do Darf deve ser feita apenas por meio da DCTFWeb<\/strong><\/em><\/p>\n<p><img loading=\"lazy\" decoding=\"async\" class=\"size-full wp-image-18685 aligncenter\" src=\"https:\/\/blogs.correiobraziliense.com.br\/servidor\/wp-content\/uploads\/sites\/10\/2021\/01\/receita-federal.jpeg\" alt=\"\" width=\"768\" height=\"576\" srcset=\"https:\/\/blogs.correiobraziliense.com.br\/servidor\/wp-content\/uploads\/sites\/10\/2021\/01\/receita-federal.jpeg 768w, https:\/\/blogs.correiobraziliense.com.br\/servidor\/wp-content\/uploads\/sites\/10\/2021\/01\/receita-federal-300x225.jpeg 300w, https:\/\/blogs.correiobraziliense.com.br\/servidor\/wp-content\/uploads\/sites\/10\/2021\/01\/receita-federal-550x413.jpeg 550w, https:\/\/blogs.correiobraziliense.com.br\/servidor\/wp-content\/uploads\/sites\/10\/2021\/01\/receita-federal-230x173.jpeg 230w\" sizes=\"auto, (max-width: 768px) 100vw, 768px\" \/><\/p>\n<p>A Receita Federal desativou a op\u00e7\u00e3o de emiss\u00e3o do Documento de Arrecada\u00e7\u00e3o de Receitas Federais (Darf) avulso para recolhimento das contribui\u00e7\u00f5es previdenci\u00e1rias para cidad\u00e3os obrigados \u00e0 Declara\u00e7\u00e3o de D\u00e9bitos e Cr\u00e9ditos Tribut\u00e1rios Federais Previdenci\u00e1rios e de Outras Entidades e Fundos (DCTFWeb), ou seja, confiss\u00e3o de d\u00e9bitos de contribui\u00e7\u00f5es previdenci\u00e1rias a terceiros<\/p>\n<p>O Darf avulso com c\u00f3digo de receita 9410 foi criado em 2018 para que os contribuintes com dificuldades t\u00e9cnicas no fechamento da folha de pagamento no eSocial (Sistema de Escritura\u00e7\u00e3o Digital das Obriga\u00e7\u00f5es Fiscais, Previdenci\u00e1rias e Trabalhistas) ou com dificuldades no processamento do EFD-Reinf (Escritura\u00e7\u00e3o Fiscal Digital de Reten\u00e7\u00f5es e Outras Informa\u00e7\u00f5es Fiscais) pudessem pagar as contribui\u00e7\u00f5es previdenci\u00e1rias.<\/p>\n<p>A Receita Federal lembra ao cidad\u00e3o a necessidade de enviar corretamente as informa\u00e7\u00f5es no eSocial e na EFD-Reinf e de emitir o Darf por meio da DCTFWeb.\u00a0Ressalta-se ainda que a Guia de Previd\u00eancia Social (GPS) n\u00e3o deve ser utilizada para pagamento das contribui\u00e7\u00f5es sociais que deveriam estar inclu\u00eddas no eSocial e EFD-Reinf.<\/p>\n","protected":false},"excerpt":{"rendered":"<p>O Darf avulso com c\u00f3digo de receita 9410 era uma medida tempor\u00e1ria para resolver as dificuldades, informa o Fisco.\u00a0Ap\u00f3s tr\u00eas anos da cria\u00e7\u00e3o e adapta\u00e7\u00e3o dos contribuintes \u00e0 nova forma de apura\u00e7\u00e3o, confiss\u00e3o e arrecada\u00e7\u00e3o das contribui\u00e7\u00f5es previdenci\u00e1rias, por meio do eSocial e do EFD-Reinf, a emiss\u00e3o do Darf avulso foi desativada.\u00a0Emiss\u00e3o do Darf deve ser feita apenas por meio [&hellip;]<\/p>\n","protected":false},"author":27,"featured_media":0,"comment_status":"open","ping_status":"closed","sticky":false,"template":"","format":"standard","meta":{"footnotes":""},"categories":[2719],"tags":[2488,6816,18882,12908,151,409,294],"class_list":["post-19453","post","type-post","status-publish","format-standard","hentry","category-servidor","tag-contribuicoes","tag-darf","tag-dctfweb","tag-esocial","tag-pagamento","tag-previdenciarias","tag-receita-federal"],"_links":{"self":[{"href":"https:\/\/blogs.correiobraziliense.com.br\/servidor\/wp-json\/wp\/v2\/posts\/19453","targetHints":{"allow":["GET"]}}],"collection":[{"href":"https:\/\/blogs.correiobraziliense.com.br\/servidor\/wp-json\/wp\/v2\/posts"}],"about":[{"href":"https:\/\/blogs.correiobraziliense.com.br\/servidor\/wp-json\/wp\/v2\/types\/post"}],"author":[{"embeddable":true,"href":"https:\/\/blogs.correiobraziliense.com.br\/servidor\/wp-json\/wp\/v2\/users\/27"}],"replies":[{"embeddable":true,"href":"https:\/\/blogs.correiobraziliense.com.br\/servidor\/wp-json\/wp\/v2\/comments?post=19453"}],"version-history":[{"count":1,"href":"https:\/\/blogs.correiobraziliense.com.br\/servidor\/wp-json\/wp\/v2\/posts\/19453\/revisions"}],"predecessor-version":[{"id":19454,"href":"https:\/\/blogs.correiobraziliense.com.br\/servidor\/wp-json\/wp\/v2\/posts\/19453\/revisions\/19454"}],"wp:attachment":[{"href":"https:\/\/blogs.correiobraziliense.com.br\/servidor\/wp-json\/wp\/v2\/media?parent=19453"}],"wp:term":[{"taxonomy":"category","embeddable":true,"href":"https:\/\/blogs.correiobraziliense.com.br\/servidor\/wp-json\/wp\/v2\/categories?post=19453"},{"taxonomy":"post_tag","embeddable":true,"href":"https:\/\/blogs.correiobraziliense.com.br\/servidor\/wp-json\/wp\/v2\/tags?post=19453"}],"curies":[{"name":"wp","href":"https:\/\/api.w.org\/{rel}","templated":true}]}}