{"id":19411,"date":"2021-04-30T15:37:24","date_gmt":"2021-04-30T18:37:24","guid":{"rendered":"https:\/\/blogs.correiobraziliense.com.br\/servidor\/?p=19411"},"modified":"2021-04-30T15:37:24","modified_gmt":"2021-04-30T18:37:24","slug":"monumentos-em-brasilia-recebem-projecoes-que-marcam-a-resistencia-dos-trabalhadores","status":"publish","type":"post","link":"https:\/\/blogs.correiobraziliense.com.br\/servidor\/monumentos-em-brasilia-recebem-projecoes-que-marcam-a-resistencia-dos-trabalhadores\/","title":{"rendered":"Monumentos em Bras\u00edlia recebem proje\u00e7\u00f5es que marcam a resist\u00eancia dos trabalhadores"},"content":{"rendered":"<p><em><strong>Na noite desta sexta-feira (30\/04), quem passar pela Esplanada dos Minist\u00e9rios ser\u00e1 surpreendido com uma proje\u00e7\u00e3o assinada pelos coletivos de m\u00eddia do Mercado Sul (BecoB, Miracena e Retrata\u00e7\u00e3o) e a Articula\u00e7\u00e3o Nacional das Carreiras para o Desenvolvimento Sustent\u00e1vel (Arca).\u00a0A reforma administrativa (PEC-32). A alta taxa de informalidade, a precariza\u00e7\u00e3o da educa\u00e7\u00e3o e da sa\u00fade, a criminaliza\u00e7\u00e3o das organiza\u00e7\u00f5es sindicais, o problema da fome e a gravidade da crise sanit\u00e1ria e social provocada pela covid-19 s\u00e3o alguns temas destacados<\/strong><\/em><\/p>\n<p><img loading=\"lazy\" decoding=\"async\" class=\"alignright size-large wp-image-19412\" src=\"https:\/\/blogs.correiobraziliense.com.br\/servidor\/wp-content\/uploads\/sites\/10\/2021\/04\/PLANETA-TEM-FOME-1024x384.jpg\" alt=\"\" width=\"1024\" height=\"384\" \/><\/p>\n<p>Imagens e dizeres estampar\u00e3o as fachadas do Museu Nacional e outros pr\u00e9dios com mensagens que reafirmam a luta por dignidade, pelo respeito das carreiras, valoriza\u00e7\u00e3o do servi\u00e7o p\u00fablico e a garantia de direitos dos trabalhadores.\u00a0A a\u00e7\u00e3o faz parte da campanha \u201cTrabalho, P\u00e3o e Vacina J\u00e1\u201d que tamb\u00e9m distribuir\u00e1 p\u00f4steres para coletivos que atuam nas RAs colarem em locais de alta circula\u00e7\u00e3o da cidade. E, ainda, circular\u00e1 diversos v\u00eddeos e artes nas redes sociais.<\/p>\n<p>O Dia Internacional dos Trabalhadores, em 1\u00ba de Maio, evoca a greve iniciada nesse dia em 1886 para lutar por melhores condi\u00e7\u00f5es de trabalho, nomeadamente a redu\u00e7\u00e3o da jornada de trabalho. Ainda hoje, o modelo econ\u00f4mico preocupa-se mais pela sua economia do que pelo ser humano e as empresas continuam a enriquecer na sua maioria com lucros colossais, explica a Arca. Assim, a organiza\u00e7\u00e3o da a\u00e7\u00e3o defende que esta n\u00e3o \u00e9 s\u00f3 uma manifesta\u00e7\u00e3o de um dia, mas uma chamada de aten\u00e7\u00e3o para a luta di\u00e1ria. E \u00e9 um convite a manter e prosseguir a luta por uma sociedade mais justa, includente e sustent\u00e1vel<\/p>\n<p><strong>Sobre os organizadores<\/strong><br \/>\nOs coletivos de m\u00eddia BecoB, Miracena e Retrata\u00e7\u00e3o se constitu\u00edram e atuam no territ\u00f3rio cultural do Mercado Sul, Taguatinga\/DF. Em conjunto com a ocupa\u00e7\u00e3o cultural Mercado Sul Vive, esses coletivos reivindicam o espa\u00e7o do antigo Mercado Sul de Taguatinga, com a pretens\u00e3o de dignificar a morada e o trabalho dos moradores de Taguatinga, e servir de centro de difus\u00e3o e cria\u00e7\u00e3o cultural de Taguatinga.<\/p>\n<p>J\u00e1 a Articula\u00e7\u00e3o Nacional das Carreiras para o Desenvolvimento Sustent\u00e1vel (Araca) surgiu em 2016, no contexto de descontinuidade institucional na Administra\u00e7\u00e3o P\u00fablica Federal, que trouxe o desafio de uni\u00e3o das carreiras p\u00fablicas para a defesa da plena realiza\u00e7\u00e3o do Estado Democr\u00e1tico de Direito. Atualmente congrega diversas associa\u00e7\u00f5es e sindicatos, que juntos representam mais de 20.000 mil servidores p\u00fablicos, constituindo um importante canal de discuss\u00e3o com a sociedade e de constru\u00e7\u00e3o de ideias que possam indicar a viabilidade de um Brasil livre, justo e solid\u00e1rio.<\/p>\n","protected":false},"excerpt":{"rendered":"<p>Na noite desta sexta-feira (30\/04), quem passar pela Esplanada dos Minist\u00e9rios ser\u00e1 surpreendido com uma proje\u00e7\u00e3o assinada pelos coletivos de m\u00eddia do Mercado Sul (BecoB, Miracena e Retrata\u00e7\u00e3o) e a Articula\u00e7\u00e3o Nacional das Carreiras para o Desenvolvimento Sustent\u00e1vel (Arca).\u00a0A reforma administrativa (PEC-32). A alta taxa de informalidade, a precariza\u00e7\u00e3o da educa\u00e7\u00e3o e da sa\u00fade, a criminaliza\u00e7\u00e3o das organiza\u00e7\u00f5es sindicais, o [&hellip;]<\/p>\n","protected":false},"author":27,"featured_media":0,"comment_status":"open","ping_status":"closed","sticky":false,"template":"","format":"standard","meta":{"footnotes":""},"categories":[2719],"tags":[15075,867,55,17256,15089,619,48,5600,18860,2961,17534,10103,24,15938,616,58,19,524],"class_list":["post-19411","post","type-post","status-publish","format-standard","hentry","category-servidor","tag-1o-de-maio","tag-brasilia","tag-carreiras","tag-covid-19","tag-dia-do-trabalhador","tag-direitos","tag-educacao","tag-informalidade","tag-monumentos","tag-precarizacao","tag-predios","tag-projecao","tag-publicos","tag-reforma-administrativa","tag-saude","tag-servidores","tag-trabalhadores","tag-valorizacao"],"_links":{"self":[{"href":"https:\/\/blogs.correiobraziliense.com.br\/servidor\/wp-json\/wp\/v2\/posts\/19411","targetHints":{"allow":["GET"]}}],"collection":[{"href":"https:\/\/blogs.correiobraziliense.com.br\/servidor\/wp-json\/wp\/v2\/posts"}],"about":[{"href":"https:\/\/blogs.correiobraziliense.com.br\/servidor\/wp-json\/wp\/v2\/types\/post"}],"author":[{"embeddable":true,"href":"https:\/\/blogs.correiobraziliense.com.br\/servidor\/wp-json\/wp\/v2\/users\/27"}],"replies":[{"embeddable":true,"href":"https:\/\/blogs.correiobraziliense.com.br\/servidor\/wp-json\/wp\/v2\/comments?post=19411"}],"version-history":[{"count":1,"href":"https:\/\/blogs.correiobraziliense.com.br\/servidor\/wp-json\/wp\/v2\/posts\/19411\/revisions"}],"predecessor-version":[{"id":19413,"href":"https:\/\/blogs.correiobraziliense.com.br\/servidor\/wp-json\/wp\/v2\/posts\/19411\/revisions\/19413"}],"wp:attachment":[{"href":"https:\/\/blogs.correiobraziliense.com.br\/servidor\/wp-json\/wp\/v2\/media?parent=19411"}],"wp:term":[{"taxonomy":"category","embeddable":true,"href":"https:\/\/blogs.correiobraziliense.com.br\/servidor\/wp-json\/wp\/v2\/categories?post=19411"},{"taxonomy":"post_tag","embeddable":true,"href":"https:\/\/blogs.correiobraziliense.com.br\/servidor\/wp-json\/wp\/v2\/tags?post=19411"}],"curies":[{"name":"wp","href":"https:\/\/api.w.org\/{rel}","templated":true}]}}