{"id":194,"date":"2015-04-20T19:13:00","date_gmt":"2015-04-20T22:13:00","guid":{"rendered":"https:\/\/blogs.correiobraziliense.com.br\/servidor\/sinasempu_pede_a_pgr_liberdade_para_servidor_escolher_plano_de_saude\/"},"modified":"2015-04-20T19:13:00","modified_gmt":"2015-04-20T22:13:00","slug":"sinasempu_pede_a_pgr_liberdade_para_servidor_escolher_plano_de_saude","status":"publish","type":"post","link":"https:\/\/blogs.correiobraziliense.com.br\/servidor\/sinasempu_pede_a_pgr_liberdade_para_servidor_escolher_plano_de_saude\/","title":{"rendered":"SINASEMPU PEDE \u00c0 PGR LIBERDADE PARA SERVIDOR ESCOLHER PLANO DE SA\u00daDE"},"content":{"rendered":"<p>O Sindicato Nacional dos Servidores do MPU e do CNMP (Sinasempu) informou que, em  documento protocolado na sexta-feira (17\/04), ao Procurador-Geral da Rep\u00fablica, Rodrigo  Janot, solicitou medidas  administrativas cab\u00edveis para assegurar aos servidores o direito de optare pela contrata\u00e7\u00e3o de um plano de sa\u00fade (privado)  que melhor atenda \u00e0s suas necessidades, assegurando tamb\u00e9m o recebimento  do benef\u00edcio or\u00e7ament\u00e1rio \u00e0 assist\u00eancia sa\u00fade do  funcionalismo p\u00fablico.<\/p>\n<div style=\"font-family: Verdana,Arial,Helvetica,sans-serif\" class=\"itemIntroText\">  <\/div>\n<p>Atualmente, explicou o Sinasempu,  a presta\u00e7\u00e3o de servi\u00e7os de assist\u00eancia \u00e0 sa\u00fade dos servidores cabe ao  Plan Assiste &#8211; Programa de Sa\u00fade e Assist\u00eancia Social do MPU, cujas  regras preveem co-participa\u00e7\u00e3o dos custos pelos  servi\u00e7os prestados, medida que tem levado v\u00e1rios servidores a preferir  o recebimento dos valores do aux\u00edlio-sa\u00fade em dinheiro, o que  permitiria a ades\u00e3o a outro plano de sa\u00fade, por meio do Sindicato.  <\/p>\n<p> Assim,  apesar do procedimento ser legal e j\u00e1 adotado na  administra\u00e7\u00e3o p\u00fablica por v\u00e1rios \u00f3rg\u00e3os p\u00fablicos, como o Minist\u00e9rio das  Cidades, Minist\u00e9rio da Ci\u00eancia e Tecnologia e Superior Tribunal de  Justi\u00e7a, deve ser feita modifica\u00e7\u00e3o no regulamento geral para o direito. <\/p>\n<p>Bras\u00edlia, 19h13min <\/p>\n","protected":false},"excerpt":{"rendered":"<p>O Sindicato Nacional dos Servidores do MPU e do CNMP (Sinasempu) informou que, em documento protocolado na sexta-feira (17\/04), ao Procurador-Geral da Rep\u00fablica, Rodrigo Janot, solicitou medidas administrativas cab\u00edveis para assegurar aos servidores o direito de optare pela contrata\u00e7\u00e3o de um plano de sa\u00fade (privado) que melhor atenda \u00e0s suas necessidades, assegurando tamb\u00e9m o recebimento do benef\u00edcio or\u00e7ament\u00e1rio \u00e0 assist\u00eancia [&hellip;]<\/p>\n","protected":false},"author":27,"featured_media":0,"comment_status":"open","ping_status":"open","sticky":false,"template":"","format":"standard","meta":{"footnotes":""},"categories":[1],"tags":[],"class_list":["post-194","post","type-post","status-publish","format-standard","hentry","category-sem-categoria"],"_links":{"self":[{"href":"https:\/\/blogs.correiobraziliense.com.br\/servidor\/wp-json\/wp\/v2\/posts\/194","targetHints":{"allow":["GET"]}}],"collection":[{"href":"https:\/\/blogs.correiobraziliense.com.br\/servidor\/wp-json\/wp\/v2\/posts"}],"about":[{"href":"https:\/\/blogs.correiobraziliense.com.br\/servidor\/wp-json\/wp\/v2\/types\/post"}],"author":[{"embeddable":true,"href":"https:\/\/blogs.correiobraziliense.com.br\/servidor\/wp-json\/wp\/v2\/users\/27"}],"replies":[{"embeddable":true,"href":"https:\/\/blogs.correiobraziliense.com.br\/servidor\/wp-json\/wp\/v2\/comments?post=194"}],"version-history":[{"count":0,"href":"https:\/\/blogs.correiobraziliense.com.br\/servidor\/wp-json\/wp\/v2\/posts\/194\/revisions"}],"wp:attachment":[{"href":"https:\/\/blogs.correiobraziliense.com.br\/servidor\/wp-json\/wp\/v2\/media?parent=194"}],"wp:term":[{"taxonomy":"category","embeddable":true,"href":"https:\/\/blogs.correiobraziliense.com.br\/servidor\/wp-json\/wp\/v2\/categories?post=194"},{"taxonomy":"post_tag","embeddable":true,"href":"https:\/\/blogs.correiobraziliense.com.br\/servidor\/wp-json\/wp\/v2\/tags?post=194"}],"curies":[{"name":"wp","href":"https:\/\/api.w.org\/{rel}","templated":true}]}}