{"id":19398,"date":"2021-04-28T18:49:04","date_gmt":"2021-04-28T21:49:04","guid":{"rendered":"https:\/\/blogs.correiobraziliense.com.br\/servidor\/?p=19398"},"modified":"2021-04-28T18:49:04","modified_gmt":"2021-04-28T21:49:04","slug":"sindilegis-pede-extensao-do-prazo-de-indicacao-de-emendas-impositivas","status":"publish","type":"post","link":"https:\/\/blogs.correiobraziliense.com.br\/servidor\/sindilegis-pede-extensao-do-prazo-de-indicacao-de-emendas-impositivas\/","title":{"rendered":"Sindilegis pede extens\u00e3o do prazo de indica\u00e7\u00e3o de emendas impositivas"},"content":{"rendered":"<p><em><strong>Em consequ\u00eancia da pandemia e do risco de contamina\u00e7\u00e3o, o Sindilegis pede flexibiliza\u00e7\u00e3o do prazo de indica\u00e7\u00e3o de emendas. Em\u00a0of\u00edcio ao presidente da C\u00e2mara dos Deputados, Deputado Arthur Lira, o sindicato externa preocupa\u00e7\u00e3o pelo aumento da circula\u00e7\u00e3o de pessoas na Casa<\/strong><\/em><\/p>\n<p><img loading=\"lazy\" decoding=\"async\" class=\"alignright size-large wp-image-19399\" src=\"https:\/\/blogs.correiobraziliense.com.br\/servidor\/wp-content\/uploads\/sites\/10\/2021\/04\/SINDILEGIS-EMENDAS-1024x410.png\" alt=\"\" width=\"1024\" height=\"410\" \/><\/p>\n<p>O Sindilegis protocolou Of\u00edcio no 81\/2021, nesta quarta-feira (28), em que solicita ao deputado Arthur Lira (PP-AL), presidente da C\u00e2mara dos Deputados, que seja estendido o prazo para indica\u00e7\u00e3o de benefici\u00e1rios de emendas individuais de execu\u00e7\u00e3o obrigat\u00f3ria &#8211; tamb\u00e9m conhecidas como emendas impositivas -, bem como o estabelecimento da ordem de prioridade, no Sistema Integrado de Planejamento e Or\u00e7amento (SIOP).<\/p>\n<p>O pedido tem como base a pandemia provocada pelo coronav\u00edrus, com um cen\u00e1rio alarmante de mais de um milh\u00e3o de casos ativos da doen\u00e7a e m\u00e9dia de 2.431 mortos na \u00faltima semana. J\u00e1 no Distrito Federal, o registro m\u00e9dio \u00e9 de quase mil novas contamina\u00e7\u00f5es e 62 \u00f3bitos por dia &#8211; ou duas mortes por hora, com a taxa de ocupa\u00e7\u00e3o de UTIs tendo atingido o patamar de 99,54% na \u00faltima ter\u00e7a-feira (27\/04).<\/p>\n<p>Tradicionalmente, a C\u00e2mara dos Deputados recebe um grande volume de pessoas transitando nas depend\u00eancias nesta \u00e9poca, onde milhares de prefeitos de todo o pa\u00eds, muitas vezes acompanhados de suas respectivas assessorias, v\u00e3o ao Congresso para articular com parlamentares de seus estados a destina\u00e7\u00e3o de emendas aos seus munic\u00edpios, e a prioriza\u00e7\u00e3o na ordem de execu\u00e7\u00e3o.<\/p>\n<p>&#8220;Para preservar a vida de todos que transitam pela Casa e buscando evitar o agravamento do quadro da pandemia, o Sindilegis pede a flexibiliza\u00e7\u00e3o do prazo, que, conforme divulgado, estar\u00e1 aberto entre os dias 26 de abril e 11 de maio para indica\u00e7\u00e3o de benefici\u00e1rios\/prioridade. No documento, o Sindicato tamb\u00e9m pede o endurecimento das medidas de biosseguran\u00e7a, previstos no Ato da Mesa 179\/2021, que intensificam a preven\u00e7\u00e3o em decorr\u00eancia da emerg\u00eancia em sa\u00fade p\u00fablica de import\u00e2ncia internacional relacionada \u00e0 pandemia de Covid-19&#8221;, informa a entidade.<\/p>\n","protected":false},"excerpt":{"rendered":"<p>Em consequ\u00eancia da pandemia e do risco de contamina\u00e7\u00e3o, o Sindilegis pede flexibiliza\u00e7\u00e3o do prazo de indica\u00e7\u00e3o de emendas. Em\u00a0of\u00edcio ao presidente da C\u00e2mara dos Deputados, Deputado Arthur Lira, o sindicato externa preocupa\u00e7\u00e3o pelo aumento da circula\u00e7\u00e3o de pessoas na Casa O Sindilegis protocolou Of\u00edcio no 81\/2021, nesta quarta-feira (28), em que solicita ao deputado Arthur Lira (PP-AL), presidente da [&hellip;]<\/p>\n","protected":false},"author":27,"featured_media":0,"comment_status":"open","ping_status":"closed","sticky":false,"template":"","format":"standard","meta":{"footnotes":""},"categories":[2719],"tags":[1531,10474,2402,18856,18855,4049,2165,8133,17255,1174,2316,1212,634,18857],"class_list":["post-19398","post","type-post","status-publish","format-standard","hentry","category-servidor","tag-camara-dos-deputados","tag-contaminacao","tag-emendas","tag-emendas-impositivas","tag-emendas-individuais","tag-flexibilizacao","tag-indicacao","tag-oficio","tag-pandemia","tag-prazo","tag-prioridade","tag-risco","tag-sindilegis","tag-siop"],"_links":{"self":[{"href":"https:\/\/blogs.correiobraziliense.com.br\/servidor\/wp-json\/wp\/v2\/posts\/19398","targetHints":{"allow":["GET"]}}],"collection":[{"href":"https:\/\/blogs.correiobraziliense.com.br\/servidor\/wp-json\/wp\/v2\/posts"}],"about":[{"href":"https:\/\/blogs.correiobraziliense.com.br\/servidor\/wp-json\/wp\/v2\/types\/post"}],"author":[{"embeddable":true,"href":"https:\/\/blogs.correiobraziliense.com.br\/servidor\/wp-json\/wp\/v2\/users\/27"}],"replies":[{"embeddable":true,"href":"https:\/\/blogs.correiobraziliense.com.br\/servidor\/wp-json\/wp\/v2\/comments?post=19398"}],"version-history":[{"count":1,"href":"https:\/\/blogs.correiobraziliense.com.br\/servidor\/wp-json\/wp\/v2\/posts\/19398\/revisions"}],"predecessor-version":[{"id":19400,"href":"https:\/\/blogs.correiobraziliense.com.br\/servidor\/wp-json\/wp\/v2\/posts\/19398\/revisions\/19400"}],"wp:attachment":[{"href":"https:\/\/blogs.correiobraziliense.com.br\/servidor\/wp-json\/wp\/v2\/media?parent=19398"}],"wp:term":[{"taxonomy":"category","embeddable":true,"href":"https:\/\/blogs.correiobraziliense.com.br\/servidor\/wp-json\/wp\/v2\/categories?post=19398"},{"taxonomy":"post_tag","embeddable":true,"href":"https:\/\/blogs.correiobraziliense.com.br\/servidor\/wp-json\/wp\/v2\/tags?post=19398"}],"curies":[{"name":"wp","href":"https:\/\/api.w.org\/{rel}","templated":true}]}}