{"id":19387,"date":"2021-04-28T11:51:11","date_gmt":"2021-04-28T14:51:11","guid":{"rendered":"https:\/\/blogs.correiobraziliense.com.br\/servidor\/?p=19387"},"modified":"2021-04-28T11:51:11","modified_gmt":"2021-04-28T14:51:11","slug":"campanha-contra-reforma-administrativa-sera-lancada-em-live-nessa-quarta-28","status":"publish","type":"post","link":"https:\/\/blogs.correiobraziliense.com.br\/servidor\/campanha-contra-reforma-administrativa-sera-lancada-em-live-nessa-quarta-28\/","title":{"rendered":"Campanha contra reforma administrativa ser\u00e1 lan\u00e7ada em live nessa quarta, 28"},"content":{"rendered":"<p><em><strong>\u00c0s 18 horas, Condsef\/Fenadsef e entidades filiadas lan\u00e7am a campanha &#8220;Cancela a Reforma&#8221;. V\u00e3o explicar objetivos e divulgar os canais de comunica\u00e7\u00e3o para ajudar a barrar &#8220;os perigos da PEC 32\/20&#8221; e para pressionar parlamentares a derrubar a proposta no Congresso. No dia 30, haver\u00e1 atividades em todo o pa\u00eds<\/strong><\/em><\/p>\n<p><img loading=\"lazy\" decoding=\"async\" class=\"alignright size-full wp-image-19388\" src=\"https:\/\/blogs.correiobraziliense.com.br\/servidor\/wp-content\/uploads\/sites\/10\/2021\/04\/CANCELA-A-REFORMA.jpg\" alt=\"\" width=\"792\" height=\"432\" \/><\/p>\n<p>A &#8220;Cancela a Reforma&#8221; divulgar\u00e1 informa\u00e7\u00f5es sobre detalhes do texto enviado ao Congresso para provar que, na pr\u00e1tica, a PEC 32\/20 representa o fim do modelo de Estado brasileiro garantido pela Constitui\u00e7\u00e3o de 88. &#8220;Se aprovada, ser\u00e1 o fim dos servi\u00e7os p\u00fablicos brasileiros&#8221;, afirmam as entidades. A live tamb\u00e9m divulga atividades que acontecer\u00e3o em todo o Brasil na sexta, dia 30, contra a reforma administrativa e em defesa do setor p\u00fablico.<\/p>\n<p>A campanha ainda d\u00e1 destaque a enquete da C\u00e2mara dos Deputados onde pode ser escolhida a op\u00e7\u00e3o &#8220;Discordo Totalmente&#8221; e ao &#8220;Na Press\u00e3o&#8221;, ferramenta onde servidores e a popula\u00e7\u00e3o podem cobrar diretamente dos parlamentares em suas redes sociais a votar contra a PEC 32\/20 e &#8220;derrubar essa proposta nefasta enviada ao Congresso Nacional pelo governo Bolsonaro&#8221;, afirmam os organizadores.<\/p>\n<p>&#8220;Al\u00e9m disso, vamos disponibilizar aqui em nosso site um espa\u00e7o exclusivo do &#8220;Cancela a Reforma&#8221; para acompanhar not\u00edcias e compreender a reforma administrativa, al\u00e9m de dar acesso a todos os materiais que ser\u00e3o produzidos para divulgar amplamente essa luta em defesa dos servi\u00e7os p\u00fablicos&#8221;, destaca a Condsef.<\/p>\n<p><strong>Informa\u00e7\u00f5es di\u00e1rias por Whatsapp<\/strong><br \/>\nTodos os interessados tamb\u00e9m podem se cadastrar em uma lista de transmiss\u00e3o do whatsapp pelo n\u00famero (61) 98357-4114.<\/p>\n<p><strong>Semana marcada por atos contra reforma administrativa<\/strong><br \/>\nEm Bras\u00edlia, a atividade ter\u00e1 in\u00edcio \u00e0s 9h, no pr\u00f3ximo dia 30, com protestos contra a reforma e por vacina para todos pelo SUS, em frente aos minist\u00e9rios ao longo da Esplanada. \u00c0s 10h, os manifestantes seguem em marcha em dire\u00e7\u00e3o ao Pal\u00e1cio do Planalto<\/p>\n<p>J\u00e1 no s\u00e1bado, 1\u00ba de Maio, o ato pelo Dia do Trabalhador e Trabalhadora ser\u00e1 virtual. A transmiss\u00e3o ser\u00e1 pela TV Comunit\u00e1ria de Bras\u00edlia e pela p\u00e1gina do Facebook da CUT-DF, do meio-dia \u00e0s 14h.<\/p>\n","protected":false},"excerpt":{"rendered":"<p>\u00c0s 18 horas, Condsef\/Fenadsef e entidades filiadas lan\u00e7am a campanha &#8220;Cancela a Reforma&#8221;. V\u00e3o explicar objetivos e divulgar os canais de comunica\u00e7\u00e3o para ajudar a barrar &#8220;os perigos da PEC 32\/20&#8221; e para pressionar parlamentares a derrubar a proposta no Congresso. No dia 30, haver\u00e1 atividades em todo o pa\u00eds A &#8220;Cancela a Reforma&#8221; divulgar\u00e1 informa\u00e7\u00f5es sobre detalhes do texto [&hellip;]<\/p>\n","protected":false},"author":27,"featured_media":0,"comment_status":"open","ping_status":"closed","sticky":false,"template":"","format":"standard","meta":{"footnotes":""},"categories":[2719],"tags":[463,6400,305,18849,1486,100,2584,73,56,15589,268,18403,24,15938,58,2936,118],"class_list":["post-19387","post","type-post","status-publish","format-standard","hentry","category-servidor","tag-atividades","tag-bolsonaro","tag-campanha","tag-cancela-a-reforma","tag-condsef","tag-congresso","tag-constituicao","tag-entidades","tag-estado","tag-fenadsef","tag-parlamentares","tag-pec-32-20","tag-publicos","tag-reforma-administrativa","tag-servidores","tag-site","tag-votar"],"_links":{"self":[{"href":"https:\/\/blogs.correiobraziliense.com.br\/servidor\/wp-json\/wp\/v2\/posts\/19387","targetHints":{"allow":["GET"]}}],"collection":[{"href":"https:\/\/blogs.correiobraziliense.com.br\/servidor\/wp-json\/wp\/v2\/posts"}],"about":[{"href":"https:\/\/blogs.correiobraziliense.com.br\/servidor\/wp-json\/wp\/v2\/types\/post"}],"author":[{"embeddable":true,"href":"https:\/\/blogs.correiobraziliense.com.br\/servidor\/wp-json\/wp\/v2\/users\/27"}],"replies":[{"embeddable":true,"href":"https:\/\/blogs.correiobraziliense.com.br\/servidor\/wp-json\/wp\/v2\/comments?post=19387"}],"version-history":[{"count":1,"href":"https:\/\/blogs.correiobraziliense.com.br\/servidor\/wp-json\/wp\/v2\/posts\/19387\/revisions"}],"predecessor-version":[{"id":19389,"href":"https:\/\/blogs.correiobraziliense.com.br\/servidor\/wp-json\/wp\/v2\/posts\/19387\/revisions\/19389"}],"wp:attachment":[{"href":"https:\/\/blogs.correiobraziliense.com.br\/servidor\/wp-json\/wp\/v2\/media?parent=19387"}],"wp:term":[{"taxonomy":"category","embeddable":true,"href":"https:\/\/blogs.correiobraziliense.com.br\/servidor\/wp-json\/wp\/v2\/categories?post=19387"},{"taxonomy":"post_tag","embeddable":true,"href":"https:\/\/blogs.correiobraziliense.com.br\/servidor\/wp-json\/wp\/v2\/tags?post=19387"}],"curies":[{"name":"wp","href":"https:\/\/api.w.org\/{rel}","templated":true}]}}