{"id":19377,"date":"2021-04-26T18:37:02","date_gmt":"2021-04-26T21:37:02","guid":{"rendered":"https:\/\/blogs.correiobraziliense.com.br\/servidor\/?p=19377"},"modified":"2021-04-26T18:37:02","modified_gmt":"2021-04-26T21:37:02","slug":"mpf-apura-reincidencia-de-doencas-psiquiatricas-em-policiais-federais-no-rj","status":"publish","type":"post","link":"https:\/\/blogs.correiobraziliense.com.br\/servidor\/mpf-apura-reincidencia-de-doencas-psiquiatricas-em-policiais-federais-no-rj\/","title":{"rendered":"MPF apura reincid\u00eancia de doen\u00e7as psiqui\u00e1tricas em policiais federais no RJ"},"content":{"rendered":"<p><em><strong>N\u00facleo de Controle Externo da Atividade Policial quer saber se h\u00e1 previs\u00e3o de programa de preven\u00e7\u00e3o a suic\u00eddios e problemas psicol\u00f3gicos de agentes, delegados e quadro administrativo,\u00a0al\u00e9m de quantos se aposentaram ou se afastaram das fun\u00e7\u00f5es p\u00fablicas nos \u00faltimos 10 anos<\/strong><\/em><\/p>\n<p><img loading=\"lazy\" decoding=\"async\" class=\"alignright size-full wp-image-19220\" src=\"https:\/\/blogs.correiobraziliense.com.br\/servidor\/wp-content\/uploads\/sites\/10\/2021\/03\/POLICIAIS-DIAP.jpg\" alt=\"\" width=\"800\" height=\"498\" srcset=\"https:\/\/blogs.correiobraziliense.com.br\/servidor\/wp-content\/uploads\/sites\/10\/2021\/03\/POLICIAIS-DIAP.jpg 800w, https:\/\/blogs.correiobraziliense.com.br\/servidor\/wp-content\/uploads\/sites\/10\/2021\/03\/POLICIAIS-DIAP-300x187.jpg 300w, https:\/\/blogs.correiobraziliense.com.br\/servidor\/wp-content\/uploads\/sites\/10\/2021\/03\/POLICIAIS-DIAP-768x478.jpg 768w, https:\/\/blogs.correiobraziliense.com.br\/servidor\/wp-content\/uploads\/sites\/10\/2021\/03\/POLICIAIS-DIAP-550x342.jpg 550w, https:\/\/blogs.correiobraziliense.com.br\/servidor\/wp-content\/uploads\/sites\/10\/2021\/03\/POLICIAIS-DIAP-230x143.jpg 230w\" sizes=\"auto, (max-width: 800px) 100vw, 800px\" \/><\/p>\n<p>O N\u00facleo de Controle Externo da Atividade Policial do Minist\u00e9rio P\u00fablico Federal (MPF) no Rio de Janeiro determinou a instaura\u00e7\u00e3o de inqu\u00e9rito civil p\u00fablico para apurar a possibilidade de reincid\u00eancia de doen\u00e7as psiqui\u00e1tricas em agentes, delegados e quadro administrativo da Pol\u00edcia Federal (PF). (IC N\u00ba 1.30.005.000470\/2019-57)<\/p>\n<p>O MPF enviou of\u00edcio ao Servi\u00e7o de Sa\u00fade da Pol\u00edcia Federal no Rio de Janeiro, para que seja esclarecido qual o procedimento padr\u00e3o adotado quando se constata ind\u00edcios de problemas psicol\u00f3gicos ou psiqui\u00e1tricos em policiais federais, em todos os n\u00edveis de gravidade ou intensidade. A Superintend\u00eancia da Pol\u00edcia Federal no Rio tamb\u00e9m ter\u00e1 que se manifestar sobre previs\u00e3o de programa de preven\u00e7\u00e3o a essas quest\u00f5es, como uma &#8216;Coordena\u00e7\u00e3o de Sa\u00fade&#8217;, conforme sugerido pelos profissionais do Servi\u00e7o de Sa\u00fade da PF.<\/p>\n<p>O MPF tamb\u00e9m requer informa\u00e7\u00f5es sobre o quantitativo de profissionais de \u00e1reas como Psicologia, Psiquiatria e similares que est\u00e3o hoje atuando na PF, al\u00e9m de quantos se aposentaram ou se afastaram das fun\u00e7\u00f5es p\u00fablicas nos \u00faltimos 10 anos, &#8220;demonstrando-se pontualmente a evolu\u00e7\u00e3o do quadro de pessoal nestas \u00e1reas, comparando-a ao dito lapso temporal&#8221;, informa o MPF.<\/p>\n<p>\u201cA sa\u00fade mental dos policiais \u00e9 afetada pela prec\u00e1ria situa\u00e7\u00e3o funcional em que vivem, isto porque frequentemente laboram em locais distantes de familiares e c\u00edrculo mais pr\u00f3ximo de amigos, submetidos \u00e0 vida n\u00f4made, intemp\u00e9ries do ambiente, deslocamentos constantes, impossibilidade de precis\u00e3o, planejamento ou controle sobre o tempo de perman\u00eancia em uma localidade ou em uma fun\u00e7\u00e3o, e a correlata n\u00e3o prepara\u00e7\u00e3o para as novas fun\u00e7\u00f5es e regi\u00f5es de trabalho&#8221;, esclarece o coordenador do N\u00facleo de Controle Externo da Atividade Policial, Eduardo Benones, ao instaurar o inqu\u00e9rito civil p\u00fablico.<\/p>\n","protected":false},"excerpt":{"rendered":"<p>N\u00facleo de Controle Externo da Atividade Policial quer saber se h\u00e1 previs\u00e3o de programa de preven\u00e7\u00e3o a suic\u00eddios e problemas psicol\u00f3gicos de agentes, delegados e quadro administrativo,\u00a0al\u00e9m de quantos se aposentaram ou se afastaram das fun\u00e7\u00f5es p\u00fablicas nos \u00faltimos 10 anos O N\u00facleo de Controle Externo da Atividade Policial do Minist\u00e9rio P\u00fablico Federal (MPF) no Rio de Janeiro determinou a [&hellip;]<\/p>\n","protected":false},"author":27,"featured_media":0,"comment_status":"open","ping_status":"closed","sticky":false,"template":"","format":"standard","meta":{"footnotes":""},"categories":[2719],"tags":[1055,5738,229,6,1319,232,5219,1065,8228,4413,6713,453,319,104,110,15854,15090,3479,2943],"class_list":["post-19377","post","type-post","status-publish","format-standard","hentry","category-servidor","tag-administrativos","tag-afastamento","tag-agentes","tag-aposentadoria","tag-civil","tag-delegados","tag-doencas","tag-funcoes","tag-gravidade","tag-inquerito","tag-intensidade","tag-mpf","tag-pf","tag-policia-federal","tag-policiais","tag-psicologicas","tag-psiquiatricas","tag-reincidencia","tag-rj"],"_links":{"self":[{"href":"https:\/\/blogs.correiobraziliense.com.br\/servidor\/wp-json\/wp\/v2\/posts\/19377","targetHints":{"allow":["GET"]}}],"collection":[{"href":"https:\/\/blogs.correiobraziliense.com.br\/servidor\/wp-json\/wp\/v2\/posts"}],"about":[{"href":"https:\/\/blogs.correiobraziliense.com.br\/servidor\/wp-json\/wp\/v2\/types\/post"}],"author":[{"embeddable":true,"href":"https:\/\/blogs.correiobraziliense.com.br\/servidor\/wp-json\/wp\/v2\/users\/27"}],"replies":[{"embeddable":true,"href":"https:\/\/blogs.correiobraziliense.com.br\/servidor\/wp-json\/wp\/v2\/comments?post=19377"}],"version-history":[{"count":1,"href":"https:\/\/blogs.correiobraziliense.com.br\/servidor\/wp-json\/wp\/v2\/posts\/19377\/revisions"}],"predecessor-version":[{"id":19378,"href":"https:\/\/blogs.correiobraziliense.com.br\/servidor\/wp-json\/wp\/v2\/posts\/19377\/revisions\/19378"}],"wp:attachment":[{"href":"https:\/\/blogs.correiobraziliense.com.br\/servidor\/wp-json\/wp\/v2\/media?parent=19377"}],"wp:term":[{"taxonomy":"category","embeddable":true,"href":"https:\/\/blogs.correiobraziliense.com.br\/servidor\/wp-json\/wp\/v2\/categories?post=19377"},{"taxonomy":"post_tag","embeddable":true,"href":"https:\/\/blogs.correiobraziliense.com.br\/servidor\/wp-json\/wp\/v2\/tags?post=19377"}],"curies":[{"name":"wp","href":"https:\/\/api.w.org\/{rel}","templated":true}]}}