{"id":19371,"date":"2021-04-26T12:52:32","date_gmt":"2021-04-26T15:52:32","guid":{"rendered":"https:\/\/blogs.correiobraziliense.com.br\/servidor\/?p=19371"},"modified":"2021-04-26T12:52:32","modified_gmt":"2021-04-26T15:52:32","slug":"entidades-da-saude-pressionam-stf-por-lockdown-nacional","status":"publish","type":"post","link":"https:\/\/blogs.correiobraziliense.com.br\/servidor\/entidades-da-saude-pressionam-stf-por-lockdown-nacional\/","title":{"rendered":"Entidades da sa\u00fade pressionam STF por lockdown nacional"},"content":{"rendered":"<p><em><strong>Na\u00a0Argui\u00e7\u00e3o de Descumprimento de Preceito Fundamental n\u00ba 822 (ADPF\/822) diversas entidades do setor responsabilizam o Executivo pelo atual estado de calamidade e solicitam que o Supremo Tribunal Federal (STF) instrua pela restri\u00e7\u00e3o total das atividades n\u00e3o essenciais por 21 dias e aplique medidas protetivas, O Executivo tem at\u00e9 o dia 28 para se manifestar. As entidades far\u00e3o um ato amanh\u00e3 (27), \u00e0s 15 horas, com transmiss\u00e3o ao vivo pela <a href=\"https:\/\/www.youtube.com\/tvabrasco\">TV Abrasco<\/a><\/strong><\/em><\/p>\n<p><img loading=\"lazy\" decoding=\"async\" class=\"alignright size-full wp-image-19372\" src=\"https:\/\/blogs.correiobraziliense.com.br\/servidor\/wp-content\/uploads\/sites\/10\/2021\/04\/ABRASCO-LOCKDOWN.jpg\" alt=\"\" width=\"810\" height=\"410\" \/><\/p>\n<p>Veja a nota:<\/p>\n<p>&#8220;A pandemia est\u00e1 descontrolada. Movidas pelos sensos de responsabilidade e de indigna\u00e7\u00e3o, a Abrasco e demais entidades da Frente Pela Vida provocam o STF a se manifestar sobre a grav\u00edssima crise sanit\u00e1ria vivida pelo pa\u00eds. A Argui\u00e7\u00e3o de Descumprimento de Preceito Fundamental n\u00ba 822 (ADPF\/822) responsabiliza o Executivo pelo atual estado de calamidade e solicita que o STF instrua pela restri\u00e7\u00e3o total das atividades n\u00e3o essenciais por 21 dias e aplica\u00e7\u00e3o de medidas protetivas.<\/p>\n<p>Ato A\u00e7\u00e3o Lockdown no Pleno do STF: como andamento da a\u00e7\u00e3o, a Presid\u00eancia da Rep\u00fablica tem at\u00e9 a quarta-feira, 28, para se manifestar. A fim de ampliar a mobiliza\u00e7\u00e3o e salvar vidas, as entidades signat\u00e1rias da ADPF convocam toda a sociedade para o ato A\u00e7\u00e3o do Lockdown no Pleno do STF, nesta ter\u00e7a, 27, \u00e0s 15 horas, com transmiss\u00e3o pela TV Abrasco.<\/p>\n<p>O que solicita a ADPF: A a\u00e7\u00e3o pede ao Supremo que exija do governo federal a aplica\u00e7\u00e3o de lockdown nacional de, pelo menos, 3 semanas (21 dias) para redu\u00e7\u00e3o da circula\u00e7\u00e3o de pessoas com intuito de reduzir a transmiss\u00e3o do coronav\u00edrus. Solicita tamb\u00e9m o restabelecimento de medidas de prote\u00e7\u00e3o social, como aux\u00edlio emergencial adequado e a\u00e7\u00f5es de manuten\u00e7\u00e3o do emprego e da renda.<\/p>\n<p>A ADPF cobra tamb\u00e9m que o Executivo federal exer\u00e7a o papel central no planejamento e na coordena\u00e7\u00e3o das a\u00e7\u00f5es governamentais em prol da sa\u00fade p\u00fablica, em di\u00e1logo com Estados e Munic\u00edpios, promovendo uma comunica\u00e7\u00e3o clara com a popula\u00e7\u00e3o. Mais do que nunca, \u00e9 necess\u00e1ria mobiliza\u00e7\u00e3o social para que a pauta ganhe espa\u00e7o no debate nacional e junto a todos os setores da sociedade brasileira.<\/p>\n<p>Ato A\u00e7\u00e3o do Lockdown no Pleno do STF<\/p>\n<p>Data: 27 de abril, ter\u00e7a-feira<br \/>\nHor\u00e1rio: 15 horas (Hor\u00e1rio de Bras\u00edlia)<\/p>\n<p>Transmiss\u00e3o: Youtube\/TV Abrasco<\/p>\n<p><strong>Movimenta\u00e7\u00e3o da ADPF:\u00a0<\/strong><a href=\"http:\/\/portal.stf.jus.br\/processos\/detalhe.asp?incidente=6150239\"><strong>http:\/\/portal.stf.jus.br\/processos\/detalhe.asp?incidente=6150239<\/strong><\/a><\/p>\n<p><strong><br \/>\n<em>Entidades requerentes da ADPF\/822:<\/p>\n<p><\/em><\/strong>Associa\u00e7\u00e3o Brasileira de Sa\u00fade Coletiva (Abrasco)<\/p>\n<p>Associa\u00e7\u00e3o Brasileira da Rede Unida<\/p>\n<p>Associa\u00e7\u00e3o Brasileira de Enfermagem (Aben)<\/p>\n<p>Associa\u00e7\u00e3o Brasileira de Organiza\u00e7\u00f5es N\u00e3o Governamentais (Abong)<\/p>\n<p>Central dos Trabalhadores e Trabalhadoras do Brasil (CTB)<\/p>\n<p>Central \u00danica dos Trabalhadores (CUT)<\/p>\n<p>Centro Brasileiro de Estudos de Sa\u00fade (Cebes)<\/p>\n<p>Confedera\u00e7\u00e3o Nacional dos Metal\u00fargicos da CUT (CNM\/CUT)<\/p>\n<p>Confedera\u00e7\u00e3o Nacional dos Trabalhadores em Educa\u00e7\u00e3o (CNTE)<\/p>\n<p>Confedera\u00e7\u00e3o Nacional dos Trabalhadores em Seguridade Social da CUT (CNTSS\/CUT)<\/p>\n<p>Confedera\u00e7\u00e3o Nacional dos Trabalhadores na Sa\u00fade (CNTS)<\/p>\n<p>Confedera\u00e7\u00e3o Nacional dos Trabalhadores no Com\u00e9rcio e Servi\u00e7os da CUT (Contracs\/CUT)<\/p>\n<p>Confedera\u00e7\u00e3o Nacional dos Trabalhadores P\u00fablicos Municipais (Conatram)<\/p>\n<p>Federa\u00e7\u00e3o Nacional dos Farmac\u00eauticos (Fenafar)<\/p>\n<p>Movimento de Reintegra\u00e7\u00e3o das Pessoas Atingidas pela Hansen\u00edase (Morhan)<\/p>\n<p>Nova Central Sindical dos Trabalhadores (NCST)<\/p>\n<p>Sindicato dos Servidores do Sistema Nacional de Auditoria do SUS (Unasus Sindical)<\/p>\n<p>Uni\u00e3o Geral dos Trabalhadores (UGT)&#8221;<\/p>\n","protected":false},"excerpt":{"rendered":"<p>Na\u00a0Argui\u00e7\u00e3o de Descumprimento de Preceito Fundamental n\u00ba 822 (ADPF\/822) diversas entidades do setor responsabilizam o Executivo pelo atual estado de calamidade e solicitam que o Supremo Tribunal Federal (STF) instrua pela restri\u00e7\u00e3o total das atividades n\u00e3o essenciais por 21 dias e aplique medidas protetivas, O Executivo tem at\u00e9 o dia 28 para se manifestar. As entidades far\u00e3o um ato amanh\u00e3 [&hellip;]<\/p>\n","protected":false},"author":27,"featured_media":0,"comment_status":"open","ping_status":"closed","sticky":false,"template":"","format":"standard","meta":{"footnotes":""},"categories":[2719],"tags":[18843,10497,16896,366,9,18844,1578,481,17255,765,6204,7570,616,351,34,6695],"class_list":["post-19371","post","type-post","status-publish","format-standard","hentry","category-servidor","tag-adpf-822","tag-calamidade","tag-coronavirus","tag-crise","tag-executivo","tag-frente-pela-vida","tag-medidas","tag-mobilizacao","tag-pandemia","tag-presidencia-da-republica","tag-protetivas","tag-sanitaria","tag-saude","tag-sociedade","tag-stf","tag-vidas"],"_links":{"self":[{"href":"https:\/\/blogs.correiobraziliense.com.br\/servidor\/wp-json\/wp\/v2\/posts\/19371","targetHints":{"allow":["GET"]}}],"collection":[{"href":"https:\/\/blogs.correiobraziliense.com.br\/servidor\/wp-json\/wp\/v2\/posts"}],"about":[{"href":"https:\/\/blogs.correiobraziliense.com.br\/servidor\/wp-json\/wp\/v2\/types\/post"}],"author":[{"embeddable":true,"href":"https:\/\/blogs.correiobraziliense.com.br\/servidor\/wp-json\/wp\/v2\/users\/27"}],"replies":[{"embeddable":true,"href":"https:\/\/blogs.correiobraziliense.com.br\/servidor\/wp-json\/wp\/v2\/comments?post=19371"}],"version-history":[{"count":1,"href":"https:\/\/blogs.correiobraziliense.com.br\/servidor\/wp-json\/wp\/v2\/posts\/19371\/revisions"}],"predecessor-version":[{"id":19373,"href":"https:\/\/blogs.correiobraziliense.com.br\/servidor\/wp-json\/wp\/v2\/posts\/19371\/revisions\/19373"}],"wp:attachment":[{"href":"https:\/\/blogs.correiobraziliense.com.br\/servidor\/wp-json\/wp\/v2\/media?parent=19371"}],"wp:term":[{"taxonomy":"category","embeddable":true,"href":"https:\/\/blogs.correiobraziliense.com.br\/servidor\/wp-json\/wp\/v2\/categories?post=19371"},{"taxonomy":"post_tag","embeddable":true,"href":"https:\/\/blogs.correiobraziliense.com.br\/servidor\/wp-json\/wp\/v2\/tags?post=19371"}],"curies":[{"name":"wp","href":"https:\/\/api.w.org\/{rel}","templated":true}]}}