{"id":19347,"date":"2021-04-18T19:22:49","date_gmt":"2021-04-18T22:22:49","guid":{"rendered":"https:\/\/blogs.correiobraziliense.com.br\/servidor\/?p=19347"},"modified":"2021-04-18T19:54:08","modified_gmt":"2021-04-18T22:54:08","slug":"peticao-online-pede-ao-presidente-da-camara-a-suspensao-da-reforma-administrativa-na-pandemia","status":"publish","type":"post","link":"https:\/\/blogs.correiobraziliense.com.br\/servidor\/peticao-online-pede-ao-presidente-da-camara-a-suspensao-da-reforma-administrativa-na-pandemia\/","title":{"rendered":"Peti\u00e7\u00e3o online pede ao presidente da C\u00e2mara a suspens\u00e3o da reforma administrativa na pandemia"},"content":{"rendered":"<p><em><strong><a href=\"http:\/\/chng.it\/qwM4drMs\">Abaixo-assinado de autoria da Frente Parlamentar Mista do Servi\u00e7o P\u00fablico<\/a> tem o objetivo de pressionar o presidente da C\u00e2mara dos Deputado, Arthur Lira (PP-AL), e demais parlamentares a adiar o debate sobre tema t\u00e3o importante, devido, principalmente, \u00e0s restri\u00e7\u00f5es das atividades presenciais com a participa\u00e7\u00e3o de representa\u00e7\u00f5es sociais nas depend\u00eancias da Casa. A iniciativa come\u00e7ou em 9 de abril, hoje (18\/04), j\u00e1 tem mais de 16 mil assinaturas. O objetivo \u00e9 chegar a 25 mil.<\/strong><\/em><\/p>\n<p><img loading=\"lazy\" decoding=\"async\" class=\"alignright size-full wp-image-19348\" src=\"https:\/\/blogs.correiobraziliense.com.br\/servidor\/wp-content\/uploads\/sites\/10\/2021\/04\/PEC-32-REFORMA.jpg\" alt=\"\" width=\"800\" height=\"450\" \/><\/p>\n<p>No texto, a Frente destaca que &#8220;seja considerada como prioridade a ser tratada anteriormente \u00e0 tramita\u00e7\u00e3o da PEC 32\/2020 a proposta de Reforma Tribut\u00e1ria, uma vez que \u00e9 imperioso que seja determinada a atualiza\u00e7\u00e3o das normas de cobran\u00e7a e arrecada\u00e7\u00e3o de tributos, trazendo condi\u00e7\u00f5es ao Estado de atender \u00e0s necessidades da popula\u00e7\u00e3o&#8221;.<\/p>\n<p>Veja a peti\u00e7\u00e3o:<\/p>\n<p><strong>&#8220;Excelent\u00edssimo Sr. Presidente da C\u00e2mara dos Deputados<\/strong><\/p>\n<p><strong>Deputado Arthur Lira (PP-AL),<\/strong><\/p>\n<p>N\u00f3s, entidades sindicais e associativas, lideran\u00e7as populares, parlamentares, signat\u00e1rios deste abaixo-assinado, vimos reivindicar de Vossa Excel\u00eancia, Sr. Presidente da C\u00e2mara dos Deputados, Deputado Federal Arthur Lira, que se digne a suspender a tramita\u00e7\u00e3o da Proposta de Emenda \u00e0 Constitui\u00e7\u00e3o n\u00ba 32, de 2020, conhecida como reforma Administrativa, durante o per\u00edodo que durar a pandemia e as restri\u00e7\u00f5es de atividades presenciais com a participa\u00e7\u00e3o de representa\u00e7\u00f5es sociais nas depend\u00eancias da C\u00e2mara dos Deputados, o que impede a necess\u00e1ria discuss\u00e3o de t\u00e3o relevante tema.<\/p>\n<p>Solicitamos, ainda, que seja considerada como prioridade a ser tratada anteriormente \u00e0 tramita\u00e7\u00e3o da PEC 32\/2020 a proposta de Reforma Tribut\u00e1ria, uma vez que \u00e9 imperioso que seja determinada a atualiza\u00e7\u00e3o das normas de cobran\u00e7a e arrecada\u00e7\u00e3o de tributos, trazendo condi\u00e7\u00f5es ao Estado de atender \u00e0s necessidades da popula\u00e7\u00e3o, mormente em decorr\u00eancia da aus\u00eancia ou insufici\u00eancia de cobertura das necessidades da popula\u00e7\u00e3o a serem atendidas por pol\u00edticas sociais. Somente ap\u00f3s um aprimoramento do processo arrecadat\u00f3rio seria poss\u00edvel qualquer discuss\u00e3o da necessidade ou oportunidade de uma eventual reestrutura\u00e7\u00e3o administrativa.<\/p>\n<p>Na certeza de termos nossa solicita\u00e7\u00e3o atendida, encaminhamos este documento com folhas numeradas e assinadas por todos os cidad\u00e3os.<\/p>\n<p>Bras\u00edlia (DF), 09 de abril de 2021.<\/p>\n<p><em>Acesse e nos acompanhe nas redes sociais:\u00a0<a href=\"https:\/\/linktr.ee\/FrenteServicoPublico\" target=\"_blank\" rel=\"nofollow noopener noreferrer\">https:\/\/linktr.ee\/FrenteServicoPublico<\/a><br \/>\n<\/em><\/p>\n<p><em>A Frente Parlamentar Mista do Servi\u00e7o P\u00fablico, frente hist\u00f3rica, criada em 2007, que atua na defesa dos direitos dos servidores p\u00fablicos nas tr\u00eas esferas: federal, estadual e municipal e nos tr\u00eas Poderes: Executivo, Legislativo e Judici\u00e1rio; junto ao Fonasefe &#8211; F\u00f3rum de Entidades Nacionais do Servi\u00e7o P\u00fablico Federal.<br \/>\nNesta 56\u00aa legislatura, sob a coordena\u00e7\u00e3o dos deputados Alice Portugal (PCdoB\/BA), Danilo Cabral (PSB\/PE), Paulo Ramos (PDT\/RJ) e Rog\u00e9rio Correia (PT\/MG) e dos senadores Paulo Paim (PT\/RS) e Zenaide Maia (PROS-RN), com o apoio formal de 255 deputados federais e 21 senadores da Rep\u00fablica, em parceria com entidades representativas da sociedade civil, atua em prol do fortalecimento do servi\u00e7o p\u00fablico e da preserva\u00e7\u00e3o dos direitos dos servidores.&#8221;<\/em><\/p>\n<p>&nbsp;<\/p>\n","protected":false},"excerpt":{"rendered":"<p>Abaixo-assinado de autoria da Frente Parlamentar Mista do Servi\u00e7o P\u00fablico tem o objetivo de pressionar o presidente da C\u00e2mara dos Deputado, Arthur Lira (PP-AL), e demais parlamentares a adiar o debate sobre tema t\u00e3o importante, devido, principalmente, \u00e0s restri\u00e7\u00f5es das atividades presenciais com a participa\u00e7\u00e3o de representa\u00e7\u00f5es sociais nas depend\u00eancias da Casa. A iniciativa come\u00e7ou em 9 de abril, hoje [&hellip;]<\/p>\n","protected":false},"author":27,"featured_media":0,"comment_status":"open","ping_status":"closed","sticky":false,"template":"","format":"standard","meta":{"footnotes":""},"categories":[2719],"tags":[946,18729,1531,17650,17255,268,18836,1376,15938,12193,1825],"class_list":["post-19347","post","type-post","status-publish","format-standard","hentry","category-servidor","tag-arrecadacao","tag-arthur-lira","tag-camara-dos-deputados","tag-distanciamento","tag-pandemia","tag-parlamentares","tag-pec-322020","tag-reestruturacao","tag-reforma-administrativa","tag-reforma-tributaria","tag-tributos"],"_links":{"self":[{"href":"https:\/\/blogs.correiobraziliense.com.br\/servidor\/wp-json\/wp\/v2\/posts\/19347","targetHints":{"allow":["GET"]}}],"collection":[{"href":"https:\/\/blogs.correiobraziliense.com.br\/servidor\/wp-json\/wp\/v2\/posts"}],"about":[{"href":"https:\/\/blogs.correiobraziliense.com.br\/servidor\/wp-json\/wp\/v2\/types\/post"}],"author":[{"embeddable":true,"href":"https:\/\/blogs.correiobraziliense.com.br\/servidor\/wp-json\/wp\/v2\/users\/27"}],"replies":[{"embeddable":true,"href":"https:\/\/blogs.correiobraziliense.com.br\/servidor\/wp-json\/wp\/v2\/comments?post=19347"}],"version-history":[{"count":4,"href":"https:\/\/blogs.correiobraziliense.com.br\/servidor\/wp-json\/wp\/v2\/posts\/19347\/revisions"}],"predecessor-version":[{"id":19352,"href":"https:\/\/blogs.correiobraziliense.com.br\/servidor\/wp-json\/wp\/v2\/posts\/19347\/revisions\/19352"}],"wp:attachment":[{"href":"https:\/\/blogs.correiobraziliense.com.br\/servidor\/wp-json\/wp\/v2\/media?parent=19347"}],"wp:term":[{"taxonomy":"category","embeddable":true,"href":"https:\/\/blogs.correiobraziliense.com.br\/servidor\/wp-json\/wp\/v2\/categories?post=19347"},{"taxonomy":"post_tag","embeddable":true,"href":"https:\/\/blogs.correiobraziliense.com.br\/servidor\/wp-json\/wp\/v2\/tags?post=19347"}],"curies":[{"name":"wp","href":"https:\/\/api.w.org\/{rel}","templated":true}]}}