{"id":19331,"date":"2021-04-16T13:29:32","date_gmt":"2021-04-16T16:29:32","guid":{"rendered":"https:\/\/blogs.correiobraziliense.com.br\/servidor\/?p=19331"},"modified":"2021-04-16T13:31:32","modified_gmt":"2021-04-16T16:31:32","slug":"magistrados-serao-incluidos-na-reforma-administrativa","status":"publish","type":"post","link":"https:\/\/blogs.correiobraziliense.com.br\/servidor\/magistrados-serao-incluidos-na-reforma-administrativa\/","title":{"rendered":"Magistrados ser\u00e3o inclu\u00eddos na reforma administrativa"},"content":{"rendered":"<p><em><strong>A presidente da Comiss\u00e3o de Constitui\u00e7\u00e3o de Justi\u00e7a (CCJ), da C\u00e2mara dos Deputados, Bia Kics (PSL\/DF), afirmou que a reforma administrativa vai ser ampliada para incluir magistrados e tamb\u00e9m servidores da seguran\u00e7a p\u00fablica. Uma briga que o Planalto pode sair perdendo<\/strong><\/em><\/p>\n<p><img loading=\"lazy\" decoding=\"async\" class=\"alignright size-full wp-image-18403\" src=\"https:\/\/blogs.correiobraziliense.com.br\/servidor\/wp-content\/uploads\/sites\/10\/2020\/11\/martelo-de-madeira-e-bloco-de-som_207928-5.jpg\" alt=\"\" width=\"626\" height=\"391\" srcset=\"https:\/\/blogs.correiobraziliense.com.br\/servidor\/wp-content\/uploads\/sites\/10\/2020\/11\/martelo-de-madeira-e-bloco-de-som_207928-5.jpg 626w, https:\/\/blogs.correiobraziliense.com.br\/servidor\/wp-content\/uploads\/sites\/10\/2020\/11\/martelo-de-madeira-e-bloco-de-som_207928-5-300x187.jpg 300w, https:\/\/blogs.correiobraziliense.com.br\/servidor\/wp-content\/uploads\/sites\/10\/2020\/11\/martelo-de-madeira-e-bloco-de-som_207928-5-550x344.jpg 550w, https:\/\/blogs.correiobraziliense.com.br\/servidor\/wp-content\/uploads\/sites\/10\/2020\/11\/martelo-de-madeira-e-bloco-de-som_207928-5-230x144.jpg 230w\" sizes=\"auto, (max-width: 626px) 100vw, 626px\" \/><\/p>\n<p>O assunto volta \u00e0 tona em um momento que h\u00e1 uma clara &#8220;diverg\u00eancia&#8221; entre o Executivo e o Judici\u00e1rio, em v\u00e1rios pontos, principalmente em rela\u00e7\u00e3o \u00e0 CPI da Covid, que vai vasculhar a responsabilidade sobre a vacina\u00e7\u00e3o em massa e pode enterrar de vez as pretens\u00f5es do presidente Jair Bolsonaro, de reelei\u00e7\u00e3o em 2022.<\/p>\n<p>V\u00e1rias associa\u00e7\u00f5es de ju\u00edzes e procuradores j\u00e1 divulgaram, desde o momento em que o Minist\u00e9rio da Economia divulgou as bases da reforma, com a Proposta de Emenda \u00e0 Constitui\u00e7\u00e3o (PEC 32\/2020), que a iniciativa \u00e9 inconstitucional e fere a independ\u00eancia dos Poderes.<\/p>\n<p>Na an\u00e1lise de especialistas, Bia Kics est\u00e1 mexendo em um vespeiro. &#8220;Se pensa em provocar o Judici\u00e1rio para ajudar o chefe, o tiro pode sair pela culatra. J\u00e1 ficou mais do que provado que esse povo do governo n\u00e3o entende nada de leis ou de direitos humanos. Os ju\u00edzes v\u00e3o ganhar facilmente essa guerra. De lavada&#8221;, ironizou o t\u00e9cnico que n\u00e3o quis se identificar.<\/p>\n","protected":false},"excerpt":{"rendered":"<p>A presidente da Comiss\u00e3o de Constitui\u00e7\u00e3o de Justi\u00e7a (CCJ), da C\u00e2mara dos Deputados, Bia Kics (PSL\/DF), afirmou que a reforma administrativa vai ser ampliada para incluir magistrados e tamb\u00e9m servidores da seguran\u00e7a p\u00fablica. Uma briga que o Planalto pode sair perdendo O assunto volta \u00e0 tona em um momento que h\u00e1 uma clara &#8220;diverg\u00eancia&#8221; entre o Executivo e o Judici\u00e1rio, [&hellip;]<\/p>\n","protected":false},"author":27,"featured_media":0,"comment_status":"open","ping_status":"closed","sticky":false,"template":"","format":"standard","meta":{"footnotes":""},"categories":[2719],"tags":[1531,2187,18833,344,621,1413,1137,15938,5761],"class_list":["post-19331","post","type-post","status-publish","format-standard","hentry","category-servidor","tag-camara-dos-deputados","tag-ccj","tag-cpi-da-covid","tag-juizes","tag-magistrados","tag-poder-executivo","tag-poder-judiciario","tag-reforma-administrativa","tag-seguranca-publica"],"_links":{"self":[{"href":"https:\/\/blogs.correiobraziliense.com.br\/servidor\/wp-json\/wp\/v2\/posts\/19331","targetHints":{"allow":["GET"]}}],"collection":[{"href":"https:\/\/blogs.correiobraziliense.com.br\/servidor\/wp-json\/wp\/v2\/posts"}],"about":[{"href":"https:\/\/blogs.correiobraziliense.com.br\/servidor\/wp-json\/wp\/v2\/types\/post"}],"author":[{"embeddable":true,"href":"https:\/\/blogs.correiobraziliense.com.br\/servidor\/wp-json\/wp\/v2\/users\/27"}],"replies":[{"embeddable":true,"href":"https:\/\/blogs.correiobraziliense.com.br\/servidor\/wp-json\/wp\/v2\/comments?post=19331"}],"version-history":[{"count":2,"href":"https:\/\/blogs.correiobraziliense.com.br\/servidor\/wp-json\/wp\/v2\/posts\/19331\/revisions"}],"predecessor-version":[{"id":19333,"href":"https:\/\/blogs.correiobraziliense.com.br\/servidor\/wp-json\/wp\/v2\/posts\/19331\/revisions\/19333"}],"wp:attachment":[{"href":"https:\/\/blogs.correiobraziliense.com.br\/servidor\/wp-json\/wp\/v2\/media?parent=19331"}],"wp:term":[{"taxonomy":"category","embeddable":true,"href":"https:\/\/blogs.correiobraziliense.com.br\/servidor\/wp-json\/wp\/v2\/categories?post=19331"},{"taxonomy":"post_tag","embeddable":true,"href":"https:\/\/blogs.correiobraziliense.com.br\/servidor\/wp-json\/wp\/v2\/tags?post=19331"}],"curies":[{"name":"wp","href":"https:\/\/api.w.org\/{rel}","templated":true}]}}