{"id":19316,"date":"2021-04-15T14:19:57","date_gmt":"2021-04-15T17:19:57","guid":{"rendered":"https:\/\/blogs.correiobraziliense.com.br\/servidor\/?p=19316"},"modified":"2021-04-15T14:19:57","modified_gmt":"2021-04-15T17:19:57","slug":"turismo-brasileiro-acumula-perdas-de-r-312-bilhoes-desde-o-inicio-da-pandemia-aponta-cnc","status":"publish","type":"post","link":"https:\/\/blogs.correiobraziliense.com.br\/servidor\/turismo-brasileiro-acumula-perdas-de-r-312-bilhoes-desde-o-inicio-da-pandemia-aponta-cnc\/","title":{"rendered":"Turismo brasileiro acumula perdas de R$ 312 bilh\u00f5es desde o in\u00edcio da pandemia, aponta CNC"},"content":{"rendered":"<p><em><strong>Setor de servi\u00e7os se junta \u00e0 ind\u00fastria e ao com\u00e9rcio com n\u00edvel de atividade 0,9% acima do registrado em fevereiro de 2020<\/strong><\/em><\/p>\n<p><img loading=\"lazy\" decoding=\"async\" class=\"alignright size-full wp-image-19317\" src=\"https:\/\/blogs.correiobraziliense.com.br\/servidor\/wp-content\/uploads\/sites\/10\/2021\/04\/BENTES.jpg\" alt=\"\" width=\"510\" height=\"340\" \/><\/p>\n<p>De acordo com a Confedera\u00e7\u00e3o Nacional do Com\u00e9rcio de Bens,Servi\u00e7os e Turismo (CNC), com quedas ainda severas no volume de receitas, turismo brasileiro acumula perdas reais de receita de R$ 312 bilh\u00f5es desde o in\u00edcio da pandemia. A estimativa da CNC cruza informa\u00e7\u00f5es das pesquisas conjunturais e estruturais do IBGE, al\u00e9m de s\u00e9ries hist\u00f3ricas dos fluxos de passageiros e aeronaves nos 16 principais aeroportos do pa\u00eds. Os Estados de S\u00e3o Paulo (R$ 112,9 bilh\u00f5es) e do Rio de Janeiro (R$ 49,4 bilh\u00f5es), principais focos da covid-19 no Brasil, concentram mais da metade (51,9%) do preju\u00edzo nacional.<\/p>\n<p>A grave crise econ\u00f4mico-sanit\u00e1ria tem provocado uma retra\u00e7\u00e3o significativa na demanda por servi\u00e7os n\u00e3o essenciais, assinala a CNC. Com isso, o volume de receitas do setor encolheu in\u00e9ditos 36,6% em 2020 ante o ano anterior. \u201cAssim, diante da falta de expectativas de revers\u00e3o da crise para o setor no curto prazo, todos os segmentos tur\u00edsticos registraram perdas de pontos operacionais no ano passado com destaque para os servi\u00e7os de alimenta\u00e7\u00e3o fora do domic\u00edlio como bares e restaurantes (-28,61 mil), seguidos pelo segmento de hospedagem em hot\u00e9is, pousadas e similares (-3,04 mil) e ag\u00eancias de viagens (-1,39 mil)\u201d, indica o estudo da CNC.<\/p>\n<p>F\u00e1bio Bentes, economista-chefe da CNC, destaca que diante das medidas restritivas mais acentuadas a partir de mar\u00e7o, a tend\u00eancia \u00e9 que o turismo volte a registrar perdas significativas no curto prazo. \u201cPor outro lado, a maior cobertura vacinal da popula\u00e7\u00e3o nos pr\u00f3ximos meses e a base deprimida de compara\u00e7\u00e3o dever\u00e3o levar o setor a colher resultados mais positivos, especialmente no segundo semestre deste ano\u201d, diz. A CNC projeta avan\u00e7o de 18,8% no volume de receitas do turismo em 2021 e, para o setor de servi\u00e7os, a entidade prev\u00ea crescimento de 4,2% no corrente ano em rela\u00e7\u00e3o a 2020.<\/p>\n<p>A Pesquisa Mensal de Servi\u00e7os (PMS), divulgada hoje (15 de abril) pelo Instituto Brasileiro de Geografia e Estat\u00edstica (IBGE), aponta que o volume de receitas do setor de servi\u00e7os cresceu 3,7% entre janeiro para fevereiro de 2021, j\u00e1 descontados os efeitos sazonais. Em fevereiro, os destaques foram os servi\u00e7os prestados \u00e0s fam\u00edlias (+8,8%), que compensaram as quedas de 3,9% em dezembro de 2020 e de 3% em janeiro deste ano, e os servi\u00e7os de transportes (+4,4%), este com a maior alta mensal desde junho do ano passado (+6,6%). Neste \u00faltimo grupamento de atividades, destacou-se o transporte terrestre (+5,5% ante janeiro).<\/p>\n<p>Por outro lado, o transporte a\u00e9reo acusou retra\u00e7\u00e3o (-2,5%) ap\u00f3s nove meses seguidos de crescimento. Com os resultados de fevereiro, ap\u00f3s um ano, o setor superou em 0,9% o volume de receitas verificado antes do in\u00edcio da pandemia decretada em mar\u00e7o de 2020. \u00a0Assim, o setor se junta \u00e0 ind\u00fastria (+2,8%) e ao com\u00e9rcio varejista (+1,9%) na supera\u00e7\u00e3o do n\u00edvel de atividade registrado em fevereiro do ano passado. O setor de turismo, por sua vez segue amargando perdas reais de receitas ap\u00f3s doze meses de pandemia. Segundo levantamento da CNC as perdas mensais j\u00e1 acumulam R$ 312,6 bi desde mar\u00e7o de 2020<\/p>\n","protected":false},"excerpt":{"rendered":"<p>Setor de servi\u00e7os se junta \u00e0 ind\u00fastria e ao com\u00e9rcio com n\u00edvel de atividade 0,9% acima do registrado em fevereiro de 2020 De acordo com a Confedera\u00e7\u00e3o Nacional do Com\u00e9rcio de Bens,Servi\u00e7os e Turismo (CNC), com quedas ainda severas no volume de receitas, turismo brasileiro acumula perdas reais de receita de R$ 312 bilh\u00f5es desde o in\u00edcio da pandemia. A [&hellip;]<\/p>\n","protected":false},"author":27,"featured_media":0,"comment_status":"open","ping_status":"closed","sticky":false,"template":"","format":"standard","meta":{"footnotes":""},"categories":[2719],"tags":[4042,603,6149,17256,366,1549,12596,2042,17255,5139,668,4594,1019,212,570,4697],"class_list":["post-19316","post","type-post","status-publish","format-standard","hentry","category-servidor","tag-aeronaves","tag-aeroportos","tag-cnc","tag-covid-19","tag-crise","tag-demanda","tag-fluxos","tag-ibge","tag-pandemia","tag-passageiros","tag-perdas","tag-pms","tag-prejuizo","tag-servico","tag-setor","tag-turismo"],"_links":{"self":[{"href":"https:\/\/blogs.correiobraziliense.com.br\/servidor\/wp-json\/wp\/v2\/posts\/19316","targetHints":{"allow":["GET"]}}],"collection":[{"href":"https:\/\/blogs.correiobraziliense.com.br\/servidor\/wp-json\/wp\/v2\/posts"}],"about":[{"href":"https:\/\/blogs.correiobraziliense.com.br\/servidor\/wp-json\/wp\/v2\/types\/post"}],"author":[{"embeddable":true,"href":"https:\/\/blogs.correiobraziliense.com.br\/servidor\/wp-json\/wp\/v2\/users\/27"}],"replies":[{"embeddable":true,"href":"https:\/\/blogs.correiobraziliense.com.br\/servidor\/wp-json\/wp\/v2\/comments?post=19316"}],"version-history":[{"count":1,"href":"https:\/\/blogs.correiobraziliense.com.br\/servidor\/wp-json\/wp\/v2\/posts\/19316\/revisions"}],"predecessor-version":[{"id":19318,"href":"https:\/\/blogs.correiobraziliense.com.br\/servidor\/wp-json\/wp\/v2\/posts\/19316\/revisions\/19318"}],"wp:attachment":[{"href":"https:\/\/blogs.correiobraziliense.com.br\/servidor\/wp-json\/wp\/v2\/media?parent=19316"}],"wp:term":[{"taxonomy":"category","embeddable":true,"href":"https:\/\/blogs.correiobraziliense.com.br\/servidor\/wp-json\/wp\/v2\/categories?post=19316"},{"taxonomy":"post_tag","embeddable":true,"href":"https:\/\/blogs.correiobraziliense.com.br\/servidor\/wp-json\/wp\/v2\/tags?post=19316"}],"curies":[{"name":"wp","href":"https:\/\/api.w.org\/{rel}","templated":true}]}}