{"id":19308,"date":"2021-04-14T18:32:11","date_gmt":"2021-04-14T21:32:11","guid":{"rendered":"https:\/\/blogs.correiobraziliense.com.br\/servidor\/?p=19308"},"modified":"2021-04-14T18:32:11","modified_gmt":"2021-04-14T21:32:11","slug":"policiais-civis-do-df-iniciam-operacao-vidas-policiais-importam","status":"publish","type":"post","link":"https:\/\/blogs.correiobraziliense.com.br\/servidor\/policiais-civis-do-df-iniciam-operacao-vidas-policiais-importam\/","title":{"rendered":"Policiais civis do DF iniciam opera\u00e7\u00e3o &#8220;Vidas Policiais Importam&#8221;"},"content":{"rendered":"<p><em><strong>A categoria tomar\u00e1 uma s\u00e9rie de medidas que reduzir\u00e3o a carga de trabalho e diminuem o alto risco de cont\u00e1gio a que est\u00e3o submetidos diariamente.\u00a0As a\u00e7\u00f5es foram deliberadas durante assembleia do Sindicato dos Policiais Civis do DF (Sinpol-DF) na tarde desta quarta, 14, em frente ao Complexo da Pol\u00edcia Civil do DF (PCDF)<\/strong><\/em><\/p>\n<p><img loading=\"lazy\" decoding=\"async\" class=\"alignright size-full wp-image-19309\" src=\"https:\/\/blogs.correiobraziliense.com.br\/servidor\/wp-content\/uploads\/sites\/10\/2021\/04\/PCDF.jpg\" alt=\"\" width=\"550\" height=\"367\" \/><\/p>\n<p>O conjunto de a\u00e7\u00f5es est\u00e1 denominado como \u201cOpera\u00e7\u00e3o Vidas Policiais Importam\u201d e perdurar\u00e1 at\u00e9 que todo o efetivo da Pol\u00edcia Civil do Distrito Federal seja vacinado contra a covid-19. A\u00a0partir de agora, haver\u00e1 redu\u00e7\u00e3o no n\u00famero de opera\u00e7\u00f5es policiais (e os policiais civis s\u00f3 poder\u00e3o execut\u00e1-las com o uso dos equipamentos de prote\u00e7\u00e3o individual), de oitivas e das intima\u00e7\u00f5es de v\u00edtimas, testemunhas e suspeitos de crimes.<\/p>\n<p>Os policiais civis ser\u00e3o orientados a registrar formalmente o descumprimento das medidas sanit\u00e1rias nas delegacias. Tamb\u00e9m ser\u00e1 cobrada a distribui\u00e7\u00e3o de equipamentos de Prote\u00e7\u00e3o Individual (EPI) e de Prote\u00e7\u00e3o Coletiva (EPC).\u00a0N\u00e3o haver\u00e1 escolta para audi\u00eancia de cust\u00f3dia virtual no N\u00facleo de Audi\u00eancia de Cust\u00f3dia (NAC), assim como ocorria no in\u00edcio da pandemia.\u00a0Foi definido, ainda, que a categoria defender\u00e1 a vacina\u00e7\u00e3o urgente de todo o efetivo, com a idade como \u00fanico crit\u00e9rio.<\/p>\n<p><strong>Vacina\u00e7\u00e3o imediata<\/strong><\/p>\n<p>A necessidade de incluir os policiais civis entre os grupos priorit\u00e1rios de vacina\u00e7\u00e3o, de acordo com o Sinpol-DF, vem sendo reivindicada h\u00e1 meses, mas, desde a semana passada, depois que dois servidores da ativa morreram ap\u00f3s contrair o coronav\u00edrus no trabalho, a quest\u00e3o ficou ainda mais urgente.<\/p>\n<p>Por isso, o sindicato tem defendido a vacina\u00e7\u00e3o imediata de todo o efetivo da PCDF. \u201cOs policiais civis n\u00e3o pararam de trabalhar em momento algum. E, justamente por isso, est\u00e3o se contaminando mais\u201d, afirma Alex Galv\u00e3o, presidente do Sinpol-DF.<\/p>\n<p>Atualmente, a taxa de contamina\u00e7\u00e3o na Pol\u00edcia Civil \u00e9 de quase 18% (s\u00e3o quase 700 servidores contaminados), mas h\u00e1 departamentos onde essa taxa \u00e9 muito maior. Entre os agentes policiais de cust\u00f3dia lotados na DCCP, por exemplo, esse \u00edndice \u00e9 de 53% (o maior da Pol\u00edcia Civil).<\/p>\n<p><strong>Condi\u00e7\u00f5es de trabalho<\/strong><\/p>\n<p>A categoria tem cobrado tanto da administra\u00e7\u00e3o da Pol\u00edcia Civil quanto do Governo do DF prioridade de imuniza\u00e7\u00e3o, sobretudo porque outras categorias que podem ficar em\u00a0 teletrabalho foram vacinadas.<\/p>\n<p>Tamb\u00e9m se reivindica a melhoria das condi\u00e7\u00f5es de trabalho durante a pandemia, uma vez que, hoje, as delegacias n\u00e3o possuem nenhum controle de acesso ou qualquer recurso que limite as aglomera\u00e7\u00f5es.<\/p>\n<p>Entre os problemas est\u00e3o, ainda, a falta de equipamentos de prote\u00e7\u00e3o individual e de controle sobre o n\u00famero de a\u00e7\u00f5es e opera\u00e7\u00f5es policiais.<\/p>\n<p>&#8220;Um exemplo dessa situa\u00e7\u00e3o est\u00e1 nas duas mortes ocorridas no fim de semana, uma vez que os policiais civis Everton Gon\u00e7alves e Carlos Oliveira se contaminaram em atividade&#8221;, afirma o sindicato.<\/p>\n<p>Everton, inclusive, em um dos relat\u00f3rios de plant\u00e3o, registrou uma s\u00e9rie de situa\u00e7\u00f5es que o expunham ao risco na delegacia. O documento foi lido pelo presidente do Sinpol na assembleia.<\/p>\n<p>\u201cEsse relat\u00f3rio mostra, tamb\u00e9m, a omiss\u00e3o da Administra\u00e7\u00e3o da Pol\u00edcia\u201d, afirma Galv\u00e3o. \u201cN\u00e3o h\u00e1 d\u00favida de que eles se contaminaram em servi\u00e7o\u201d, completa o dirigente sindical.<\/p>\n<p><strong>Delegacias e departamentos<\/strong><\/p>\n<p>Os relatos das condi\u00e7\u00f5es de trabalho vieram tamb\u00e9m dos dirigentes das associa\u00e7\u00f5es que representam os agentes policiais de cust\u00f3dia (que convocou assembleia junto com a do sindicato), os peritos criminais e os peritos papiloscopistas.<\/p>\n<p>\u201cA nossa situa\u00e7\u00e3o n\u00e3o s\u00f3 \u00e9 mais grave, como \u00e9 das mais complicadas. A escolta leva, pelo menos, 50 presos, diariamente. E eles s\u00f3 s\u00e3o testados quando chegam \u00e0 carceragem. Estamos muito expostos\u201d, reitera Kleyce Oliveria, presidente da Associa\u00e7\u00e3o Brasiliense dos Agentes Policiais de Cust\u00f3dia (AAPC).<\/p>\n<p>\u201cNossa categoria n\u00e3o foi contemplada em nenhum dos planejamentos da PCDF. Est\u00e1 faltando vacina, mas est\u00e1 faltando decis\u00e3o do gestor\u201d, frisa Fabr\u00edcio Gildino, diretor da AAPC.<\/p>\n<p>\u201cEstamos o tempo inteiro correndo para o perigo. Os gestores n\u00e3o t\u00eam se sensibilizado quanto a isso e essa atitude n\u00e3o afeta apenas a categoria policial civil: \u00e9 um descaso para o povo. O policial pode estar contaminado e, sem saber, contaminar o cidad\u00e3o. Exigir a vacina\u00e7\u00e3o n\u00e3o \u00e9 uma atitude oportunista, n\u00f3s estamos expostos e acabamos expondo a popula\u00e7\u00e3o\u201d, acrescenta Rafael Del Sarto, diretor da Associa\u00e7\u00e3o Brasiliense dos Peritos Papiloscopistas (Asbrapp).<\/p>\n<p>\u201cPassamos por situa\u00e7\u00f5es que v\u00e3o al\u00e9m do esperado. Os policiais, naturalmente, j\u00e1 est\u00e3o expostos a um risco maior, mas hoje a situa\u00e7\u00e3o passa do toler\u00e1vel\u201d, completa Andr\u00e9 Meireles, da Associa\u00e7\u00e3o Brasiliense dos Peritos Criminais (ABPC).<\/p>\n","protected":false},"excerpt":{"rendered":"<p>A categoria tomar\u00e1 uma s\u00e9rie de medidas que reduzir\u00e3o a carga de trabalho e diminuem o alto risco de cont\u00e1gio a que est\u00e3o submetidos diariamente.\u00a0As a\u00e7\u00f5es foram deliberadas durante assembleia do Sindicato dos Policiais Civis do DF (Sinpol-DF) na tarde desta quarta, 14, em frente ao Complexo da Pol\u00edcia Civil do DF (PCDF) O conjunto de a\u00e7\u00f5es est\u00e1 denominado como [&hellip;]<\/p>\n","protected":false},"author":27,"featured_media":0,"comment_status":"open","ping_status":"closed","sticky":false,"template":"","format":"standard","meta":{"footnotes":""},"categories":[2719],"tags":[518,7630,17245,16896,1642,68,5259,6975,282,17255,5595,18667,1212,58,1721,5208,1584,261,16791,6695,5510],"class_list":["post-19308","post","type-post","status-publish","format-standard","hentry","category-servidor","tag-assembleia","tag-carga","tag-contagio","tag-coronavirus","tag-crimes","tag-df","tag-epi","tag-intimacoes","tag-operacao","tag-pandemia","tag-policiais-civis","tag-prioritario","tag-risco","tag-servidores","tag-sinpol-df","tag-suspeitos","tag-teletrabalho","tag-trabalho","tag-vacinacao","tag-vidas","tag-vitimas"],"_links":{"self":[{"href":"https:\/\/blogs.correiobraziliense.com.br\/servidor\/wp-json\/wp\/v2\/posts\/19308","targetHints":{"allow":["GET"]}}],"collection":[{"href":"https:\/\/blogs.correiobraziliense.com.br\/servidor\/wp-json\/wp\/v2\/posts"}],"about":[{"href":"https:\/\/blogs.correiobraziliense.com.br\/servidor\/wp-json\/wp\/v2\/types\/post"}],"author":[{"embeddable":true,"href":"https:\/\/blogs.correiobraziliense.com.br\/servidor\/wp-json\/wp\/v2\/users\/27"}],"replies":[{"embeddable":true,"href":"https:\/\/blogs.correiobraziliense.com.br\/servidor\/wp-json\/wp\/v2\/comments?post=19308"}],"version-history":[{"count":1,"href":"https:\/\/blogs.correiobraziliense.com.br\/servidor\/wp-json\/wp\/v2\/posts\/19308\/revisions"}],"predecessor-version":[{"id":19310,"href":"https:\/\/blogs.correiobraziliense.com.br\/servidor\/wp-json\/wp\/v2\/posts\/19308\/revisions\/19310"}],"wp:attachment":[{"href":"https:\/\/blogs.correiobraziliense.com.br\/servidor\/wp-json\/wp\/v2\/media?parent=19308"}],"wp:term":[{"taxonomy":"category","embeddable":true,"href":"https:\/\/blogs.correiobraziliense.com.br\/servidor\/wp-json\/wp\/v2\/categories?post=19308"},{"taxonomy":"post_tag","embeddable":true,"href":"https:\/\/blogs.correiobraziliense.com.br\/servidor\/wp-json\/wp\/v2\/tags?post=19308"}],"curies":[{"name":"wp","href":"https:\/\/api.w.org\/{rel}","templated":true}]}}