{"id":19304,"date":"2021-04-14T14:10:53","date_gmt":"2021-04-14T17:10:53","guid":{"rendered":"https:\/\/blogs.correiobraziliense.com.br\/servidor\/?p=19304"},"modified":"2021-04-14T14:11:22","modified_gmt":"2021-04-14T17:11:22","slug":"workshop-de-comunicacao-gratuito-para-servidores","status":"publish","type":"post","link":"https:\/\/blogs.correiobraziliense.com.br\/servidor\/workshop-de-comunicacao-gratuito-para-servidores\/","title":{"rendered":"Workshop de comunica\u00e7\u00e3o gratuito para servidores"},"content":{"rendered":"<p><em><strong>A confer\u00eancia acontece amanh\u00e3, 15 de abril, entre 7h e 14h.\u00a0Para participar, basta se inscrever no link: <a href=\"http:\/\/bit.ly\/Apolitical_arte_de_comunicar\">http:\/\/bit.ly\/Apolitical_arte_de_comunicar<\/a><\/strong><\/em><\/p>\n<p><img loading=\"lazy\" decoding=\"async\" class=\"alignright size-large wp-image-19305\" src=\"https:\/\/blogs.correiobraziliense.com.br\/servidor\/wp-content\/uploads\/sites\/10\/2021\/04\/COMUNICAR-SERVIDORES-1024x1024.jpg\" alt=\"\" width=\"1024\" height=\"1024\" \/><\/p>\n<p>Para ajudar funcion\u00e1rios p\u00fablicos e formuladores de pol\u00edticas p\u00fablicas a se comunicarem cada vez melhor, a plataforma global Apolitical, com o apoio da <a href=\"http:\/\/Rep\u00fablica.org\">Rep\u00fablica.org<\/a>, promove um workshop online gratuito. A proposta \u00e9 reunir servidores p\u00fablicos e especialistas de comunica\u00e7\u00e3o de todo o mundo para compartilhar dicas e ideias.<\/p>\n<p>A confer\u00eancia ser\u00e1 realizada no dia 15 de abril, entre 7h e 14h, com cinco abordagens: falar em p\u00fablico, reuni\u00f5es inclusivas, conversas dif\u00edceis, apresenta\u00e7\u00f5es e comunica\u00e7\u00e3o escrita. Os interessados podem assistir todas as sess\u00f5es ou apenas escolher as mais relevantes para o seu trabalho. Para participar, basta se inscrever no link: <a href=\"http:\/\/bit.ly\/Apolitical_arte_de_comunicar\">http:\/\/bit.ly\/Apolitical_arte_de_comunicar<\/a><\/p>\n","protected":false},"excerpt":{"rendered":"<p>A confer\u00eancia acontece amanh\u00e3, 15 de abril, entre 7h e 14h.\u00a0Para participar, basta se inscrever no link: http:\/\/bit.ly\/Apolitical_arte_de_comunicar Para ajudar funcion\u00e1rios p\u00fablicos e formuladores de pol\u00edticas p\u00fablicas a se comunicarem cada vez melhor, a plataforma global Apolitical, com o apoio da Rep\u00fablica.org, promove um workshop online gratuito. A proposta \u00e9 reunir servidores p\u00fablicos e especialistas de comunica\u00e7\u00e3o de todo o [&hellip;]<\/p>\n","protected":false},"author":27,"featured_media":0,"comment_status":"open","ping_status":"closed","sticky":false,"template":"","format":"standard","meta":{"footnotes":""},"categories":[2719],"tags":[559,2067,1291,4658,8,58,4956,261,7537],"class_list":["post-19304","post","type-post","status-publish","format-standard","hentry","category-servidor","tag-comunicacao","tag-conferencia","tag-inscricao","tag-online","tag-servidor","tag-servidores","tag-sessoes","tag-trabalho","tag-workshop"],"_links":{"self":[{"href":"https:\/\/blogs.correiobraziliense.com.br\/servidor\/wp-json\/wp\/v2\/posts\/19304","targetHints":{"allow":["GET"]}}],"collection":[{"href":"https:\/\/blogs.correiobraziliense.com.br\/servidor\/wp-json\/wp\/v2\/posts"}],"about":[{"href":"https:\/\/blogs.correiobraziliense.com.br\/servidor\/wp-json\/wp\/v2\/types\/post"}],"author":[{"embeddable":true,"href":"https:\/\/blogs.correiobraziliense.com.br\/servidor\/wp-json\/wp\/v2\/users\/27"}],"replies":[{"embeddable":true,"href":"https:\/\/blogs.correiobraziliense.com.br\/servidor\/wp-json\/wp\/v2\/comments?post=19304"}],"version-history":[{"count":2,"href":"https:\/\/blogs.correiobraziliense.com.br\/servidor\/wp-json\/wp\/v2\/posts\/19304\/revisions"}],"predecessor-version":[{"id":19307,"href":"https:\/\/blogs.correiobraziliense.com.br\/servidor\/wp-json\/wp\/v2\/posts\/19304\/revisions\/19307"}],"wp:attachment":[{"href":"https:\/\/blogs.correiobraziliense.com.br\/servidor\/wp-json\/wp\/v2\/media?parent=19304"}],"wp:term":[{"taxonomy":"category","embeddable":true,"href":"https:\/\/blogs.correiobraziliense.com.br\/servidor\/wp-json\/wp\/v2\/categories?post=19304"},{"taxonomy":"post_tag","embeddable":true,"href":"https:\/\/blogs.correiobraziliense.com.br\/servidor\/wp-json\/wp\/v2\/tags?post=19304"}],"curies":[{"name":"wp","href":"https:\/\/api.w.org\/{rel}","templated":true}]}}