{"id":19302,"date":"2021-04-14T14:00:38","date_gmt":"2021-04-14T17:00:38","guid":{"rendered":"https:\/\/blogs.correiobraziliense.com.br\/servidor\/?p=19302"},"modified":"2021-04-14T14:00:38","modified_gmt":"2021-04-14T17:00:38","slug":"os-correios-pertencem-aos-brasileiros","status":"publish","type":"post","link":"https:\/\/blogs.correiobraziliense.com.br\/servidor\/os-correios-pertencem-aos-brasileiros\/","title":{"rendered":"Os Correios pertencem aos brasileiros"},"content":{"rendered":"<p><em><strong>A Associa\u00e7\u00e3o Nacional dos Profissionais dos Correios (ADCAP) contesta a decis\u00e3o do governo de desestatizar a autarquia, &#8220;sem qualquer base t\u00e9cnica, mas apenas ideol\u00f3gica, colocando em risco um servi\u00e7o p\u00fablico que tem funcionado no pa\u00eds, com pre\u00e7os m\u00f3dicos e amplo acesso&#8221;<\/strong><\/em><\/p>\n<p><img loading=\"lazy\" decoding=\"async\" class=\"alignright size-full wp-image-18883\" src=\"https:\/\/blogs.correiobraziliense.com.br\/servidor\/wp-content\/uploads\/sites\/10\/2021\/01\/correios.png\" alt=\"\" width=\"400\" height=\"295\" srcset=\"https:\/\/blogs.correiobraziliense.com.br\/servidor\/wp-content\/uploads\/sites\/10\/2021\/01\/correios.png 400w, https:\/\/blogs.correiobraziliense.com.br\/servidor\/wp-content\/uploads\/sites\/10\/2021\/01\/correios-300x221.png 300w, https:\/\/blogs.correiobraziliense.com.br\/servidor\/wp-content\/uploads\/sites\/10\/2021\/01\/correios-230x170.png 230w\" sizes=\"auto, (max-width: 400px) 100vw, 400px\" \/><\/p>\n<p>Veja a nota:<\/p>\n<p>&#8220;O governo federal segue sua trilha de atropelar a Constitui\u00e7\u00e3o, o Congresso Nacional, a Justi\u00e7a e outras institui\u00e7\u00f5es para levar a cabo projetos com grande potencial de prejudicar seriamente os brasileiros, como \u00e9 o de desestatiza\u00e7\u00e3o dos Correios, trazido hoje no Decreto n\u00ba 10.674\/2021.<\/p>\n<p>Sob falsas alega\u00e7\u00f5es, o governo federal tem colocado a carro\u00e7a na frente dos bois nesse tema, tomando decis\u00f5es sem qualquer base t\u00e9cnica, mas apenas ideol\u00f3gica, colocando em risco um servi\u00e7o p\u00fablico que tem funcionado no pa\u00eds, com pre\u00e7os m\u00f3dicos e amplo acesso.<\/p>\n<p>As institui\u00e7\u00f5es brasileiras precisam reagir fortemente a mais essa iniciativa desarrazoada do governo, que busca t\u00e3o somente, ao fim e ao cabo, enriquecer ainda mais banqueiros e especuladores, em detrimento dos brasileiros em geral, que contam com servi\u00e7o postal econ\u00f4mico e abrangente.<\/p>\n<p>Os cidad\u00e3os e as empresas brasileiras precisam de prote\u00e7\u00e3o nesse momento e n\u00e3o de verem o pouco que recebem do Estado ser colocado em risco.<\/p>\n<p>Dire\u00e7\u00e3o Nacional da ADCAP&#8221;<\/p>\n","protected":false},"excerpt":{"rendered":"<p>A Associa\u00e7\u00e3o Nacional dos Profissionais dos Correios (ADCAP) contesta a decis\u00e3o do governo de desestatizar a autarquia, &#8220;sem qualquer base t\u00e9cnica, mas apenas ideol\u00f3gica, colocando em risco um servi\u00e7o p\u00fablico que tem funcionado no pa\u00eds, com pre\u00e7os m\u00f3dicos e amplo acesso&#8221; Veja a nota: &#8220;O governo federal segue sua trilha de atropelar a Constitui\u00e7\u00e3o, o Congresso Nacional, a Justi\u00e7a e [&hellip;]<\/p>\n","protected":false},"author":27,"featured_media":0,"comment_status":"open","ping_status":"closed","sticky":false,"template":"","format":"standard","meta":{"footnotes":""},"categories":[2719],"tags":[3668,100,2584,20,2687,10676,98,260,575],"class_list":["post-19302","post","type-post","status-publish","format-standard","hentry","category-servidor","tag-banqueiros","tag-congresso","tag-constituicao","tag-correios","tag-desestatizacao","tag-especuladores","tag-governo","tag-justica","tag-servico-publico"],"_links":{"self":[{"href":"https:\/\/blogs.correiobraziliense.com.br\/servidor\/wp-json\/wp\/v2\/posts\/19302","targetHints":{"allow":["GET"]}}],"collection":[{"href":"https:\/\/blogs.correiobraziliense.com.br\/servidor\/wp-json\/wp\/v2\/posts"}],"about":[{"href":"https:\/\/blogs.correiobraziliense.com.br\/servidor\/wp-json\/wp\/v2\/types\/post"}],"author":[{"embeddable":true,"href":"https:\/\/blogs.correiobraziliense.com.br\/servidor\/wp-json\/wp\/v2\/users\/27"}],"replies":[{"embeddable":true,"href":"https:\/\/blogs.correiobraziliense.com.br\/servidor\/wp-json\/wp\/v2\/comments?post=19302"}],"version-history":[{"count":1,"href":"https:\/\/blogs.correiobraziliense.com.br\/servidor\/wp-json\/wp\/v2\/posts\/19302\/revisions"}],"predecessor-version":[{"id":19303,"href":"https:\/\/blogs.correiobraziliense.com.br\/servidor\/wp-json\/wp\/v2\/posts\/19302\/revisions\/19303"}],"wp:attachment":[{"href":"https:\/\/blogs.correiobraziliense.com.br\/servidor\/wp-json\/wp\/v2\/media?parent=19302"}],"wp:term":[{"taxonomy":"category","embeddable":true,"href":"https:\/\/blogs.correiobraziliense.com.br\/servidor\/wp-json\/wp\/v2\/categories?post=19302"},{"taxonomy":"post_tag","embeddable":true,"href":"https:\/\/blogs.correiobraziliense.com.br\/servidor\/wp-json\/wp\/v2\/tags?post=19302"}],"curies":[{"name":"wp","href":"https:\/\/api.w.org\/{rel}","templated":true}]}}