{"id":19287,"date":"2021-04-12T19:33:27","date_gmt":"2021-04-12T22:33:27","guid":{"rendered":"https:\/\/blogs.correiobraziliense.com.br\/servidor\/?p=19287"},"modified":"2021-04-12T19:33:27","modified_gmt":"2021-04-12T22:33:27","slug":"tjdft-determina-isencao-de-ir-a-aposentada-sem-sintomas-atuais-de-doenca-grave","status":"publish","type":"post","link":"https:\/\/blogs.correiobraziliense.com.br\/servidor\/tjdft-determina-isencao-de-ir-a-aposentada-sem-sintomas-atuais-de-doenca-grave\/","title":{"rendered":"TJDFT determina isen\u00e7\u00e3o de IR a aposentada sem sintomas atuais de doen\u00e7a grave"},"content":{"rendered":"<p><em><strong>Um obst\u00e1culo \u00e0 isen\u00e7\u00e3o do IR \u00e9 o desconhecimento dos aposentados em rela\u00e7\u00e3o \u00e0s hip\u00f3teses que lhes garantem esse direito<\/strong><\/em><\/p>\n<p><img loading=\"lazy\" decoding=\"async\" class=\"alignright size-full wp-image-19288\" src=\"https:\/\/blogs.correiobraziliense.com.br\/servidor\/wp-content\/uploads\/sites\/10\/2021\/04\/DOEN\u00c7AS-GRAVE-ISENTO-IR.jpg\" alt=\"\" width=\"800\" height=\"400\" \/><\/p>\n<p>Fot<strong>o: Audifiscal &#8211; Intelig\u00eancia Tribut\u00e1ria<\/strong><\/p>\n<p>A 7\u00aa Turma C\u00edvel do Tribunal de Justi\u00e7a do Distrito Federal e dos Territ\u00f3rios concedeu a isen\u00e7\u00e3o de Imposto de Renda a uma servidora p\u00fablica aposentada da Secretaria de Sa\u00fade do Distrito Federal que foi diagnosticada com c\u00e2ncer de tireoide em 2014<\/p>\n<p>De acordo com os termos narrados na a\u00e7\u00e3o, assim que descobriu a doen\u00e7a, a autora foi encaminhada para tratamento cir\u00fargico.\u00a0Ao requerer a isen\u00e7\u00e3o no Imposto de Renda e ser submetida \u00e0 per\u00edcia m\u00e9dica oficial, foi constatado que a servidora n\u00e3o tinha mais a doen\u00e7a especificada no art. 6\u00ba da Lei 7.713\/88 e, por isso, o pedido foi negado pela Administra\u00e7\u00e3o P\u00fablica.<\/p>\n<p>Por\u00e9m, foi comprovado pelos atestados m\u00e9dicos que a aposentada ainda est\u00e1 em tratamento para evitar a reincid\u00eancia.\u00a0Ao julgar o caso, o relator, desembargador Get\u00falio Moraes Oliveira, destacou que, muito embora a autora esteja em acompanhamento da doen\u00e7a, com o objetivo de diminuir os riscos de nova recidiva, o que em tese apontaria pela remiss\u00e3o da doen\u00e7a, o legislador disse que a lei n\u00e3o estipulou que o requerimento fosse contempor\u00e2neo \u00e0 constata\u00e7\u00e3o da doen\u00e7a e tampouco exigiu a perman\u00eancia da enfermidade para a isen\u00e7\u00e3o.<\/p>\n<p>Assim, cabe \u00e0 Administra\u00e7\u00e3o P\u00fablica a interpreta\u00e7\u00e3o literal da legisla\u00e7\u00e3o tribut\u00e1ria, nos termos do disposto no art. 111 do C\u00f3digo Tribut\u00e1rio Nacional.\u00a0De acordo com o advogado Paulo Liporaci, especialista em Direito Administrativo, um obst\u00e1culo \u00e0 isen\u00e7\u00e3o do IR \u00e9 o desconhecimento dos aposentados em rela\u00e7\u00e3o \u00e0s hip\u00f3teses que lhes garantem esse direito.<\/p>\n<p>\u201cAo isentar os proventos de aposentadoria e de pens\u00e3o percebidos pelos inativos e portadores de doen\u00e7as graves da incid\u00eancia do Imposto de Renda, o legislador buscou garantir que essas pessoas tivessem maior disponibilidade financeira para arcar com os elevados custos para tratamento de sua sa\u00fade\u201d, explica Liporaci.<\/p>\n<p><strong>Aten\u00e7\u00e3o!<\/strong><br \/>\nA Receita Federal alerta que\u00a0 isen\u00e7\u00e3o do IRPF por motivo de mol\u00e9stia grave n\u00e3o dispensa o contribuinte de apresentar a\u00a0Declara\u00e7\u00e3o do IRPF caso ele se enquadre em uma das condi\u00e7\u00f5es de obrigatoriedade de entrega da<br \/>\ndeclara\u00e7\u00e3o.<\/p>\n","protected":false},"excerpt":{"rendered":"<p>Um obst\u00e1culo \u00e0 isen\u00e7\u00e3o do IR \u00e9 o desconhecimento dos aposentados em rela\u00e7\u00e3o \u00e0s hip\u00f3teses que lhes garantem esse direito Foto: Audifiscal &#8211; Intelig\u00eancia Tribut\u00e1ria A 7\u00aa Turma C\u00edvel do Tribunal de Justi\u00e7a do Distrito Federal e dos Territ\u00f3rios concedeu a isen\u00e7\u00e3o de Imposto de Renda a uma servidora p\u00fablica aposentada da Secretaria de Sa\u00fade do Distrito Federal que foi [&hellip;]<\/p>\n","protected":false},"author":27,"featured_media":0,"comment_status":"open","ping_status":"closed","sticky":false,"template":"","format":"standard","meta":{"footnotes":""},"categories":[2719],"tags":[6971,345,7830,785,6179,355,447,6125,94,18191,18826,1310],"class_list":["post-19287","post","type-post","status-publish","format-standard","hentry","category-servidor","tag-administracao-publica","tag-aposentados","tag-atestados","tag-cancer","tag-cirurgico","tag-imposto-de-renda","tag-ir","tag-isencao","tag-oficial","tag-pericia-medica","tag-tereoide","tag-tjdft"],"_links":{"self":[{"href":"https:\/\/blogs.correiobraziliense.com.br\/servidor\/wp-json\/wp\/v2\/posts\/19287","targetHints":{"allow":["GET"]}}],"collection":[{"href":"https:\/\/blogs.correiobraziliense.com.br\/servidor\/wp-json\/wp\/v2\/posts"}],"about":[{"href":"https:\/\/blogs.correiobraziliense.com.br\/servidor\/wp-json\/wp\/v2\/types\/post"}],"author":[{"embeddable":true,"href":"https:\/\/blogs.correiobraziliense.com.br\/servidor\/wp-json\/wp\/v2\/users\/27"}],"replies":[{"embeddable":true,"href":"https:\/\/blogs.correiobraziliense.com.br\/servidor\/wp-json\/wp\/v2\/comments?post=19287"}],"version-history":[{"count":1,"href":"https:\/\/blogs.correiobraziliense.com.br\/servidor\/wp-json\/wp\/v2\/posts\/19287\/revisions"}],"predecessor-version":[{"id":19289,"href":"https:\/\/blogs.correiobraziliense.com.br\/servidor\/wp-json\/wp\/v2\/posts\/19287\/revisions\/19289"}],"wp:attachment":[{"href":"https:\/\/blogs.correiobraziliense.com.br\/servidor\/wp-json\/wp\/v2\/media?parent=19287"}],"wp:term":[{"taxonomy":"category","embeddable":true,"href":"https:\/\/blogs.correiobraziliense.com.br\/servidor\/wp-json\/wp\/v2\/categories?post=19287"},{"taxonomy":"post_tag","embeddable":true,"href":"https:\/\/blogs.correiobraziliense.com.br\/servidor\/wp-json\/wp\/v2\/tags?post=19287"}],"curies":[{"name":"wp","href":"https:\/\/api.w.org\/{rel}","templated":true}]}}