{"id":1928,"date":"2016-06-15T16:39:37","date_gmt":"2016-06-15T19:39:37","guid":{"rendered":"https:\/\/blogs.correiobraziliense.com.br\/servidor\/?p=1928"},"modified":"2016-06-15T16:39:37","modified_gmt":"2016-06-15T19:39:37","slug":"aeronautas-aeroviarios-e-aeroportuarios-farao-ato-em-defesa-da-seguranca","status":"publish","type":"post","link":"https:\/\/blogs.correiobraziliense.com.br\/servidor\/aeronautas-aeroviarios-e-aeroportuarios-farao-ato-em-defesa-da-seguranca\/","title":{"rendered":"Aeronautas, aerovi\u00e1rios e aeroportu\u00e1rios far\u00e3o ato em defesa da seguran\u00e7a"},"content":{"rendered":"<p>Manifesta\u00e7\u00e3o ser\u00e1\u00a0 amanh\u00e3, \u00e0s 9 horas, na rampa de acesso do Terminal 1, do Aeroporto Salgado Filho, em Porto Alegre. Funcion\u00e1rios exigir\u00e3o o direito a estacionamento gratuito para todos<\/p>\n<p>Indignados com a falta de seguran\u00e7a e aumento da criminalidade, aerovi\u00e1rios, aeronautas e aeroportu\u00e1rios que trabalham no Aeroporto Salgado Filho, em Porto Alegre, far\u00e3o protesto nesta quinta-feira (16), \u00e0s 9h, na rampa de acesso, no novo Terminal 1. O movimento \u00e9 organizado pelo Sindicato dos Aerovi\u00e1rios de Porto Alegre e conta com o apoio da Federa\u00e7\u00e3o Nacional dos Trabalhadores em Avia\u00e7\u00e3o Civil da CUT (Fentac), do Sindicato Nacional dos Aeroportu\u00e1rios (Sina) e do Sindicato Nacional dos Aeronautas (SNA).<\/p>\n<p>Os trabalhadores na avia\u00e7\u00e3o civil tamb\u00e9m exigir\u00e3o da Empresa Brasileira de Infraestrutura Aeroportu\u00e1ria (Infraero), que administra o aeroporto, o direito ao acesso gratuito ao estacionamento privado. &#8220;Uma companheira de trabalho de uma empresa terceirizada na Infraero foi covardemente assassinada porque estacionou seu carro na via de acesso p\u00fablico. Ela saiu por volta 2 da manh\u00e3 do trabalho, e neste hor\u00e1rio, n\u00e3o tem metr\u00f4 e \u00f4nibus. H\u00e1 anos reivindicamos o direito de todos os funcion\u00e1rios utilizarem o estacionamento privado, mas a Infraero tem alegado que \u00e9 para uso do passageiro&#8221;, explica o diretor da Fentac e do Sindicato dos Aerovi\u00e1rios de POA, Celso Klafke.<\/p>\n<p>Outra reivindica\u00e7\u00e3o antiga \u00e9 a reativa\u00e7\u00e3o do Posto Policial, que funcionava nas imedia\u00e7\u00f5es do Salgado Filho.\u00a0 \u201cH\u00e1 cerca de um ano foi fechado o posto da PM e, para piorar a situa\u00e7\u00e3o, a Infraero reduziu os postos de seguran\u00e7a patrimonial\u201d, denuncia o\u00a0 dirigente do Sindicato Nacional dos Aeroportu\u00e1rios (Sina), Marco Ant\u00f4nio Pinheiro.<\/p>\n<p>Ainda de acordo com o sindicalista, o fechamento do posto policial foi uma irresponsabilidade do governo do Rio Grande do Sul, que entendeu que o local n\u00e3o precisava de seguran\u00e7a. \u201cEssa atitude contribuiu diretamente para o aumento da viol\u00eancia na regi\u00e3o pr\u00f3xima ao aeroporto Salgado Filho\u201d, ressalta Pinheiro.<\/p>\n<p>Para o presidente da Federa\u00e7\u00e3o, Sergio Dias, \u00e9 fundamental que a Infraero e o governo do Estado concedam seguran\u00e7a aos trabalhadores e passageiros. \u201cVidas n\u00e3o podem ser colocadas em risco, a seguran\u00e7a \u00e9 um direito de todos\u201d, frisa.<\/p>\n<p><strong>Documento<\/strong><\/p>\n<p>Ser\u00e1 entregue um documento para a Infraero e o governo do Estado cobrando mais investimento em seguran\u00e7a nos arredores do aeroporto, a reabertura imediata do\u00a0 posto policial para que este tipo de epis\u00f3dio lament\u00e1vel n\u00e3o volte a acontecer com funcion\u00e1rios ou passageiros, bem como o direito ao uso gratuito do estacionamento para todos os aerovi\u00e1rios, aeronautas e aeroportu\u00e1rios que trabalham no Salgado Filho.<\/p>\n","protected":false},"excerpt":{"rendered":"<p>Manifesta\u00e7\u00e3o ser\u00e1\u00a0 amanh\u00e3, \u00e0s 9 horas, na rampa de acesso do Terminal 1, do Aeroporto Salgado Filho, em Porto Alegre. Funcion\u00e1rios exigir\u00e3o o direito a estacionamento gratuito para todos Indignados com a falta de seguran\u00e7a e aumento da criminalidade, aerovi\u00e1rios, aeronautas e aeroportu\u00e1rios que trabalham no Aeroporto Salgado Filho, em Porto Alegre, far\u00e3o protesto nesta quinta-feira (16), \u00e0s 9h, na [&hellip;]<\/p>\n","protected":false},"author":27,"featured_media":0,"comment_status":"open","ping_status":"closed","sticky":false,"template":"","format":"standard","meta":{"footnotes":""},"categories":[1],"tags":[387,2342,2341,388,21,1201,2344,1341,2345,2343,208],"class_list":["post-1928","post","type-post","status-publish","format-standard","hentry","category-sem-categoria","tag-aeronautas","tag-aeroporto-salgado-filho","tag-aeroportuarios","tag-aeroviarios","tag-ato","tag-defesa","tag-estacionamento","tag-funcionarios","tag-gratuito","tag-infraero","tag-seguranca"],"_links":{"self":[{"href":"https:\/\/blogs.correiobraziliense.com.br\/servidor\/wp-json\/wp\/v2\/posts\/1928","targetHints":{"allow":["GET"]}}],"collection":[{"href":"https:\/\/blogs.correiobraziliense.com.br\/servidor\/wp-json\/wp\/v2\/posts"}],"about":[{"href":"https:\/\/blogs.correiobraziliense.com.br\/servidor\/wp-json\/wp\/v2\/types\/post"}],"author":[{"embeddable":true,"href":"https:\/\/blogs.correiobraziliense.com.br\/servidor\/wp-json\/wp\/v2\/users\/27"}],"replies":[{"embeddable":true,"href":"https:\/\/blogs.correiobraziliense.com.br\/servidor\/wp-json\/wp\/v2\/comments?post=1928"}],"version-history":[{"count":1,"href":"https:\/\/blogs.correiobraziliense.com.br\/servidor\/wp-json\/wp\/v2\/posts\/1928\/revisions"}],"predecessor-version":[{"id":1929,"href":"https:\/\/blogs.correiobraziliense.com.br\/servidor\/wp-json\/wp\/v2\/posts\/1928\/revisions\/1929"}],"wp:attachment":[{"href":"https:\/\/blogs.correiobraziliense.com.br\/servidor\/wp-json\/wp\/v2\/media?parent=1928"}],"wp:term":[{"taxonomy":"category","embeddable":true,"href":"https:\/\/blogs.correiobraziliense.com.br\/servidor\/wp-json\/wp\/v2\/categories?post=1928"},{"taxonomy":"post_tag","embeddable":true,"href":"https:\/\/blogs.correiobraziliense.com.br\/servidor\/wp-json\/wp\/v2\/tags?post=1928"}],"curies":[{"name":"wp","href":"https:\/\/api.w.org\/{rel}","templated":true}]}}