{"id":19264,"date":"2021-04-08T12:08:29","date_gmt":"2021-04-08T15:08:29","guid":{"rendered":"https:\/\/blogs.correiobraziliense.com.br\/servidor\/?p=19264"},"modified":"2021-04-08T12:08:29","modified_gmt":"2021-04-08T15:08:29","slug":"pandemia-derruba-rendimentos-dos-trabalhadores-em-2020-e-os-por-conta-propria-foram-os-mais-prejudicados","status":"publish","type":"post","link":"https:\/\/blogs.correiobraziliense.com.br\/servidor\/pandemia-derruba-rendimentos-dos-trabalhadores-em-2020-e-os-por-conta-propria-foram-os-mais-prejudicados\/","title":{"rendered":"Pandemia derruba rendimentos dos trabalhadores em 2020 e os por conta pr\u00f3pria foram os mais prejudicados"},"content":{"rendered":"<p><em><strong>Pesquisa do Instituto de Pesquisa Econ\u00f4mica Aplicada (Ipea) mostra o impacto da crise sanit\u00e1ria sobre rendimentos e horas trabalhadas. Em 2020, a renda, para os trabalhadores privados com carteira, caiu 1,4%. Para os do setor p\u00fablico baixou 0,2%. E despencou 6,7% para aqueles por conta pr\u00f3pria<\/strong><\/em><\/p>\n<figure id=\"attachment_14635\" aria-describedby=\"caption-attachment-14635\" style=\"width: 800px\" class=\"wp-caption alignright\"><img loading=\"lazy\" decoding=\"async\" class=\"size-full wp-image-14635\" src=\"https:\/\/blogs.correiobraziliense.com.br\/servidor\/wp-content\/uploads\/sites\/10\/2019\/12\/poupanca.jpg\" alt=\"Poupan\u00e7a\" width=\"800\" height=\"875\" srcset=\"https:\/\/blogs.correiobraziliense.com.br\/servidor\/wp-content\/uploads\/sites\/10\/2019\/12\/poupanca.jpg 800w, https:\/\/blogs.correiobraziliense.com.br\/servidor\/wp-content\/uploads\/sites\/10\/2019\/12\/poupanca-274x300.jpg 274w, https:\/\/blogs.correiobraziliense.com.br\/servidor\/wp-content\/uploads\/sites\/10\/2019\/12\/poupanca-768x840.jpg 768w, https:\/\/blogs.correiobraziliense.com.br\/servidor\/wp-content\/uploads\/sites\/10\/2019\/12\/poupanca-320x350.jpg 320w, https:\/\/blogs.correiobraziliense.com.br\/servidor\/wp-content\/uploads\/sites\/10\/2019\/12\/poupanca-550x602.jpg 550w, https:\/\/blogs.correiobraziliense.com.br\/servidor\/wp-content\/uploads\/sites\/10\/2019\/12\/poupanca-230x252.jpg 230w\" sizes=\"auto, (max-width: 800px) 100vw, 800px\" \/><figcaption id=\"caption-attachment-14635\" class=\"wp-caption-text\">Cr\u00e9dito: Cristiano Gomes\/CB\/D.A Press<\/figcaption><\/figure>\n<p>Na an\u00e1lise sobre os efeitos da pandemia de covid-19 no mercado de trabalho, o Instituto de Pesquisa Econ\u00f4mica Aplicada (Ipea) aponta os trabalhadores por conta pr\u00f3pria como os mais prejudicados em termos de queda de rendimento no ano passado. Eles receberam apenas 76% da renda habitual no segundo trimestre de 2020 e, no quarto trimestre, 90%. Os dados foram calculados com base na Pesquisa Nacional por Amostra de Domic\u00edlios Cont\u00ednua (Pnad Cont\u00ednua), do Instituto Brasileiro de Geografia e Estat\u00edstica (IBGE).<\/p>\n<p>J\u00e1 os trabalhadores privados sem carteira receberam 87% da renda habitual no segundo trimestre e 96% no quarto trimestre de 2020. A an\u00e1lise da renda efetiva nos tr\u00eas \u00faltimos meses do ano passado indica que ela caiu inclusive entre os trabalhadores privados com carteira (-1,4%) e os do setor p\u00fablico (-0,2%), chegando a 6,7% de redu\u00e7\u00e3o para aqueles por conta pr\u00f3pria.<\/p>\n<p>Para Sandro Sacchet, t\u00e9cnico de planejamento e pesquisa do Ipea e autor do estudo, o fato de ter havido queda nos rendimentos efetivos em alguns grupos de trabalhadores no quarto trimestre \u201csinaliza potenciais efeitos do in\u00edcio da segunda onda de Covid-19 no pa\u00eds, cujos impactos poder\u00e3o ser compreendidos quando forem divulgados os dados no primeiro trimestre de 2021\u201d.<\/p>\n<p><strong>Sem renda<\/strong><\/p>\n<p>Na an\u00e1lise por faixa de renda, o documento aponta um aumento de 25% para 31,5% no total de domic\u00edlios sem renda do trabalho entre o primeiro e o segundo trimestres de 2020. No quarto trimestre, a propor\u00e7\u00e3o chegou a 29%, mostrando uma recupera\u00e7\u00e3o lenta do n\u00edvel de ocupa\u00e7\u00e3o. O estudo tamb\u00e9m apresenta as varia\u00e7\u00f5es trimestrais da renda habitual e da renda efetiva por macrorregi\u00e3o, faixa et\u00e1ria, g\u00eanero e escolaridade.<\/p>\n<p>A pandemia n\u00e3o afetou a quantidade de horas habitualmente trabalhadas, que se manteve em 39,5h por semana em 2020. No entanto, no segundo trimestre do ano, observou-se forte queda nesse indicador, que atingiu apenas 78% das horas habituais, correspondentes a 30,7h semanais. O impacto foi maior entre os informais do setor p\u00fablico (72%) e os trabalhadores por conta pr\u00f3pria (73%). No quarto trimestre, esses dois tipos de v\u00ednculo registraram 92% e 94% das horas habitualmente trabalhadas, respectivamente.<\/p>\n","protected":false},"excerpt":{"rendered":"<p>Pesquisa do Instituto de Pesquisa Econ\u00f4mica Aplicada (Ipea) mostra o impacto da crise sanit\u00e1ria sobre rendimentos e horas trabalhadas. Em 2020, a renda, para os trabalhadores privados com carteira, caiu 1,4%. Para os do setor p\u00fablico baixou 0,2%. E despencou 6,7% para aqueles por conta pr\u00f3pria Na an\u00e1lise sobre os efeitos da pandemia de covid-19 no mercado de trabalho, o [&hellip;]<\/p>\n","protected":false},"author":27,"featured_media":0,"comment_status":"open","ping_status":"closed","sticky":false,"template":"","format":"standard","meta":{"footnotes":""},"categories":[2719],"tags":[13179,13865,17256,2042,2027,17255,4011,2191,358,2025,1489,19],"class_list":["post-19264","post","type-post","status-publish","format-standard","hentry","category-servidor","tag-carteira-assinada","tag-conta-propria","tag-covid-19","tag-ibge","tag-ipea","tag-pandemia","tag-pnad-continua","tag-privados","tag-renda","tag-rendimentos","tag-setor-publico","tag-trabalhadores"],"_links":{"self":[{"href":"https:\/\/blogs.correiobraziliense.com.br\/servidor\/wp-json\/wp\/v2\/posts\/19264","targetHints":{"allow":["GET"]}}],"collection":[{"href":"https:\/\/blogs.correiobraziliense.com.br\/servidor\/wp-json\/wp\/v2\/posts"}],"about":[{"href":"https:\/\/blogs.correiobraziliense.com.br\/servidor\/wp-json\/wp\/v2\/types\/post"}],"author":[{"embeddable":true,"href":"https:\/\/blogs.correiobraziliense.com.br\/servidor\/wp-json\/wp\/v2\/users\/27"}],"replies":[{"embeddable":true,"href":"https:\/\/blogs.correiobraziliense.com.br\/servidor\/wp-json\/wp\/v2\/comments?post=19264"}],"version-history":[{"count":1,"href":"https:\/\/blogs.correiobraziliense.com.br\/servidor\/wp-json\/wp\/v2\/posts\/19264\/revisions"}],"predecessor-version":[{"id":19265,"href":"https:\/\/blogs.correiobraziliense.com.br\/servidor\/wp-json\/wp\/v2\/posts\/19264\/revisions\/19265"}],"wp:attachment":[{"href":"https:\/\/blogs.correiobraziliense.com.br\/servidor\/wp-json\/wp\/v2\/media?parent=19264"}],"wp:term":[{"taxonomy":"category","embeddable":true,"href":"https:\/\/blogs.correiobraziliense.com.br\/servidor\/wp-json\/wp\/v2\/categories?post=19264"},{"taxonomy":"post_tag","embeddable":true,"href":"https:\/\/blogs.correiobraziliense.com.br\/servidor\/wp-json\/wp\/v2\/tags?post=19264"}],"curies":[{"name":"wp","href":"https:\/\/api.w.org\/{rel}","templated":true}]}}