{"id":19246,"date":"2021-03-08T11:24:15","date_gmt":"2021-03-08T14:24:15","guid":{"rendered":"https:\/\/blogs.correiobraziliense.com.br\/servidor\/?p=19246"},"modified":"2021-03-08T11:43:10","modified_gmt":"2021-03-08T14:43:10","slug":"auditores-fiscais-da-receita-articulam-greve-de-48-horasdia-do-apagao-de-48-horas","status":"publish","type":"post","link":"https:\/\/blogs.correiobraziliense.com.br\/servidor\/auditores-fiscais-da-receita-articulam-greve-de-48-horasdia-do-apagao-de-48-horas\/","title":{"rendered":"Auditores fiscais da Receita articulam &#8220;dia do apag\u00e3o&#8221; de 48 horas"},"content":{"rendered":"<p><em><strong>A paralisa\u00e7\u00e3o est\u00e1 prevista para ocorrer a partir dessa ter\u00e7a-feira, 9 de mar\u00e7o. Tudo indica que ser\u00e1 mais uma categoria que &#8220;desembarca&#8221; do governo Bolsonaro<\/strong><\/em><\/p>\n<p><img loading=\"lazy\" decoding=\"async\" class=\"size-full wp-image-19247 aligncenter\" src=\"https:\/\/blogs.correiobraziliense.com.br\/servidor\/wp-content\/uploads\/sites\/10\/2021\/03\/RECEITA-FEDERAL-GREVE.jpeg\" alt=\"\" width=\"768\" height=\"439\" \/><\/p>\n<p>O motivo da indigna\u00e7\u00e3o, segundo fontes do pr\u00f3prio governo, \u00e9 o fim do\u00a0Fundo Especial de Desenvolvimento e Aperfei\u00e7oamento das Atividades de Fiscaliza\u00e7\u00e3o (Fundaf), que est\u00e1 amparado na Constitui\u00e7\u00e3o Federal, artigo 37., XXII. E a PEC Emergencial, aprovada pelo Senado, extingue esse fundo.<\/p>\n<p>&#8220;Os auditores far\u00e3o uma paralisa\u00e7\u00e3o por 48 horas por conta do fim do Fundaf e em defesa da Receita Federal ,<br \/>\nque pode parar no segundo semestre deste ano por conta do corte de 40% no or\u00e7amento do \u00f3rg\u00e3o em 2021&#8221;, denuncia a fonte.<\/p>\n<p>O Fundaf, ali\u00e1s, tem sido motivo de v\u00e1rias quedas de bra\u00e7o entre os auditores e o governo, desde a gest\u00e3o de Dilma Rouseff, que acabou sendo defenestrada. A briga come\u00e7ou por causa do &#8220;b\u00f4nus de efici\u00eancia&#8221;, um extra de R$ 3 mil a mais nos sal\u00e1rios, que at\u00e9 agora \u00e9 motivo de debate.<\/p>\n<p><strong>Base<\/strong><\/p>\n<p>&#8220;N\u00e3o diria que desembarcamos do governo, porque nunca estivemos na base do Governo. Desde o in\u00edcio de 2019, uma sequencia de a\u00e7\u00f5es para enfraquecer a Receita Federal&#8221;, informa Kleber Cabral, presidente do Sindicato Nacional dos Auditores Fiscais da Receita Federal (Sindifisco).<\/p>\n<p>Veja a mensagem do presidente:<\/p>\n<p><iframe loading=\"lazy\" title=\"Kleber Cabral conclama Auditores-Fiscais a defenderem administra\u00e7\u00e3o tribut\u00e1ria\" width=\"1440\" height=\"810\" src=\"https:\/\/www.youtube.com\/embed\/MJt6FmbyMSs?feature=oembed\" frameborder=\"0\" allow=\"accelerometer; autoplay; clipboard-write; encrypted-media; gyroscope; picture-in-picture; web-share\" referrerpolicy=\"strict-origin-when-cross-origin\" allowfullscreen><\/iframe><\/p>\n","protected":false},"excerpt":{"rendered":"<p>A paralisa\u00e7\u00e3o est\u00e1 prevista para ocorrer a partir dessa ter\u00e7a-feira, 9 de mar\u00e7o. Tudo indica que ser\u00e1 mais uma categoria que &#8220;desembarca&#8221; do governo Bolsonaro O motivo da indigna\u00e7\u00e3o, segundo fontes do pr\u00f3prio governo, \u00e9 o fim do\u00a0Fundo Especial de Desenvolvimento e Aperfei\u00e7oamento das Atividades de Fiscaliza\u00e7\u00e3o (Fundaf), que est\u00e1 amparado na Constitui\u00e7\u00e3o Federal, artigo 37., XXII. E a PEC [&hellip;]<\/p>\n","protected":false},"author":27,"featured_media":0,"comment_status":"open","ping_status":"closed","sticky":false,"template":"","format":"standard","meta":{"footnotes":""},"categories":[2719],"tags":[31,12,4079,15,506,16497,294],"class_list":["post-19246","post","type-post","status-publish","format-standard","hentry","category-servidor","tag-auditores","tag-fiscais","tag-fundaf","tag-greve","tag-paralisacao","tag-pec-emergencial","tag-receita-federal"],"_links":{"self":[{"href":"https:\/\/blogs.correiobraziliense.com.br\/servidor\/wp-json\/wp\/v2\/posts\/19246","targetHints":{"allow":["GET"]}}],"collection":[{"href":"https:\/\/blogs.correiobraziliense.com.br\/servidor\/wp-json\/wp\/v2\/posts"}],"about":[{"href":"https:\/\/blogs.correiobraziliense.com.br\/servidor\/wp-json\/wp\/v2\/types\/post"}],"author":[{"embeddable":true,"href":"https:\/\/blogs.correiobraziliense.com.br\/servidor\/wp-json\/wp\/v2\/users\/27"}],"replies":[{"embeddable":true,"href":"https:\/\/blogs.correiobraziliense.com.br\/servidor\/wp-json\/wp\/v2\/comments?post=19246"}],"version-history":[{"count":4,"href":"https:\/\/blogs.correiobraziliense.com.br\/servidor\/wp-json\/wp\/v2\/posts\/19246\/revisions"}],"predecessor-version":[{"id":19251,"href":"https:\/\/blogs.correiobraziliense.com.br\/servidor\/wp-json\/wp\/v2\/posts\/19246\/revisions\/19251"}],"wp:attachment":[{"href":"https:\/\/blogs.correiobraziliense.com.br\/servidor\/wp-json\/wp\/v2\/media?parent=19246"}],"wp:term":[{"taxonomy":"category","embeddable":true,"href":"https:\/\/blogs.correiobraziliense.com.br\/servidor\/wp-json\/wp\/v2\/categories?post=19246"},{"taxonomy":"post_tag","embeddable":true,"href":"https:\/\/blogs.correiobraziliense.com.br\/servidor\/wp-json\/wp\/v2\/tags?post=19246"}],"curies":[{"name":"wp","href":"https:\/\/api.w.org\/{rel}","templated":true}]}}