{"id":19240,"date":"2021-03-05T18:37:24","date_gmt":"2021-03-05T21:37:24","guid":{"rendered":"https:\/\/blogs.correiobraziliense.com.br\/servidor\/?p=19240"},"modified":"2021-03-05T18:37:24","modified_gmt":"2021-03-05T21:37:24","slug":"presidente-da-frente-parlamentar-da-seguranca-publica-reitera-descaso-do-governo","status":"publish","type":"post","link":"https:\/\/blogs.correiobraziliense.com.br\/servidor\/presidente-da-frente-parlamentar-da-seguranca-publica-reitera-descaso-do-governo\/","title":{"rendered":"Presidente da Frente Parlamentar da Seguran\u00e7a P\u00fablica reitera descaso do governo"},"content":{"rendered":"<p><em><strong>Depois da nota de ontem, divulgada pelos profissionais de seguran\u00e7a p\u00fablica criticando o tratamento dado pelo governo \u00e0s categorias da \u00e1rea, o deputado federal Capit\u00e3o Augusto (PL-SP), presidente da Frente Parlamentar da Seguran\u00e7a P\u00fablica, por meio de nota, aponta as medidas perpetradas pelo Executivo, que prejudica a tropa, e se compromete a revert\u00ea-las na C\u00e2mara. Durante as elei\u00e7\u00f5es, o capit\u00e3o chegou a aventar a hip\u00f3tese de acrescentar &#8220;Bolsonaro&#8221; em seu nome pol\u00edtico<\/strong><\/em><\/p>\n<p><img loading=\"lazy\" decoding=\"async\" class=\"alignright size-large wp-image-19241\" src=\"https:\/\/blogs.correiobraziliense.com.br\/servidor\/wp-content\/uploads\/sites\/10\/2021\/03\/capitao-augusto-e-bolsonaro-02_1523476020-1024x650.jpg\" alt=\"\" width=\"1024\" height=\"650\" srcset=\"https:\/\/blogs.correiobraziliense.com.br\/servidor\/wp-content\/uploads\/sites\/10\/2021\/03\/capitao-augusto-e-bolsonaro-02_1523476020.jpg 1024w, https:\/\/blogs.correiobraziliense.com.br\/servidor\/wp-content\/uploads\/sites\/10\/2021\/03\/capitao-augusto-e-bolsonaro-02_1523476020-300x190.jpg 300w, https:\/\/blogs.correiobraziliense.com.br\/servidor\/wp-content\/uploads\/sites\/10\/2021\/03\/capitao-augusto-e-bolsonaro-02_1523476020-768x488.jpg 768w, https:\/\/blogs.correiobraziliense.com.br\/servidor\/wp-content\/uploads\/sites\/10\/2021\/03\/capitao-augusto-e-bolsonaro-02_1523476020-800x508.jpg 800w, https:\/\/blogs.correiobraziliense.com.br\/servidor\/wp-content\/uploads\/sites\/10\/2021\/03\/capitao-augusto-e-bolsonaro-02_1523476020-550x349.jpg 550w, https:\/\/blogs.correiobraziliense.com.br\/servidor\/wp-content\/uploads\/sites\/10\/2021\/03\/capitao-augusto-e-bolsonaro-02_1523476020-230x146.jpg 230w\" sizes=\"auto, (max-width: 1024px) 100vw, 1024px\" \/><\/p>\n<p><em>Foto: Giro Pol\u00edtico<\/em><\/p>\n<p>Veja a nota:<\/p>\n<p>&#8220;NOTA DE MOBILIZA\u00c7\u00c3O AOS PROFISSIONAIS DE\u00a0SEGURAN\u00c7A P\u00daBLICA DO BRASIL<\/p>\n<p>O PRESIDENTE DA FRENTE PARLAMENTAR DA SEGURAN\u00c7A\u00a0P\u00daBLICA, no uso de suas atribui\u00e7\u00f5es, EXPRESSA ELEVADA PREOCUPA\u00c7\u00c3O\u00a0COM O TRATAMENTO QUE TEM SIDO DISPENSADO AOS PROFISSIONAIS DE\u00a0SEGURAN\u00c7A P\u00daBLICA NO BRASIL.<\/p>\n<p>Primeiramente a Vacina\u00e7\u00e3o aos profissionais de seguran\u00e7a p\u00fablica,\u00a0segundo a pr\u00f3pria ordem escalonada pelo Minist\u00e9rio da Sa\u00fade, prev\u00ea at\u00e9\u00a0mesmo prioridade aos presos, em detrimento da vacina\u00e7\u00e3o aos profissionais<br \/>\nde seguran\u00e7a p\u00fablica.<\/p>\n<p>Posteriormente, o Senado Federal aprovou nesta semana, a\u00a0Proposta de Emenda \u00e0 Constitui\u00e7\u00e3o de n\u00ba 186\/2019, conhecida como \u201cPEC\u00a0EMERGENCIAL\u201d, e o Destaque que amenizava a perda de direitos e garantias\u00a0para os profissionais da seguran\u00e7a p\u00fablica, que est\u00e3o diuturnamente\u00a0empenhados na ordem p\u00fablica, n\u00e3o foi aprovado, inclusive com\u00a0posicionamento contr\u00e1rio da pr\u00f3pria lideran\u00e7a do Governo no Senado.<\/p>\n<p>Desta forma, n\u00e3o apenas reajustes salariais, mas at\u00e9 mesmo\u00a0progress\u00f5es, promo\u00e7\u00f5es e outros tantos direitos ser\u00e3o diretamente\u00a0atingidos.<\/p>\n<p>Na C\u00e2mara dos Deputados, j\u00e1 na pr\u00f3xima semana, trabalharemos\u00a0para reverter esta situa\u00e7\u00e3o na PEC 186\/2019, para amenizar os efeitos aos\u00a0valorosos profissionais da seguran\u00e7a p\u00fablica, categoria que mais morre em defesa da sociedade, e que agora \u00e9 ainda mais vitimada pela exposi\u00e7\u00e3o\u00a0constante que sofre.<\/p>\n<p>N\u00e3o se trata de lutar por qualquer forma de privil\u00e9gio, mas por\u00a0m\u00ednima e justa contrapresta\u00e7\u00e3o.<\/p>\n<p>Trabalhemos juntos neste prop\u00f3sito, protegendo aqueles que\u00a0protegem a sociedade.<\/p>\n<p>Bras\u00edlia-DF, 05 de mar\u00e7o de 2021.<\/p>\n<p>Capit\u00e3o Augusto \u2013 Deputado Federal<br \/>\nPresidente da Frente Parlamentar da Seguran\u00e7a P\u00fablica&#8221;<\/p>\n","protected":false},"excerpt":{"rendered":"<p>Depois da nota de ontem, divulgada pelos profissionais de seguran\u00e7a p\u00fablica criticando o tratamento dado pelo governo \u00e0s categorias da \u00e1rea, o deputado federal Capit\u00e3o Augusto (PL-SP), presidente da Frente Parlamentar da Seguran\u00e7a P\u00fablica, por meio de nota, aponta as medidas perpetradas pelo Executivo, que prejudica a tropa, e se compromete a revert\u00ea-las na C\u00e2mara. Durante as elei\u00e7\u00f5es, o capit\u00e3o [&hellip;]<\/p>\n","protected":false},"author":27,"featured_media":0,"comment_status":"open","ping_status":"closed","sticky":false,"template":"","format":"standard","meta":{"footnotes":""},"categories":[2719],"tags":[6400,18820,6334,619,9,1924,1304,98,8669,16497,1427,81,4569,6183,6182,690,30,18819,696],"class_list":["post-19240","post","type-post","status-publish","format-standard","hentry","category-servidor","tag-bolsonaro","tag-contraprestacao","tag-destaque","tag-direitos","tag-executivo","tag-exposicao","tag-frente-parlamentar","tag-governo","tag-pec-186","tag-pec-emergencial","tag-politico","tag-presidente","tag-privilegio","tag-progressoes","tag-promocoes","tag-reajustes","tag-salarios","tag-seguranca-pubica","tag-senado"],"_links":{"self":[{"href":"https:\/\/blogs.correiobraziliense.com.br\/servidor\/wp-json\/wp\/v2\/posts\/19240","targetHints":{"allow":["GET"]}}],"collection":[{"href":"https:\/\/blogs.correiobraziliense.com.br\/servidor\/wp-json\/wp\/v2\/posts"}],"about":[{"href":"https:\/\/blogs.correiobraziliense.com.br\/servidor\/wp-json\/wp\/v2\/types\/post"}],"author":[{"embeddable":true,"href":"https:\/\/blogs.correiobraziliense.com.br\/servidor\/wp-json\/wp\/v2\/users\/27"}],"replies":[{"embeddable":true,"href":"https:\/\/blogs.correiobraziliense.com.br\/servidor\/wp-json\/wp\/v2\/comments?post=19240"}],"version-history":[{"count":1,"href":"https:\/\/blogs.correiobraziliense.com.br\/servidor\/wp-json\/wp\/v2\/posts\/19240\/revisions"}],"predecessor-version":[{"id":19242,"href":"https:\/\/blogs.correiobraziliense.com.br\/servidor\/wp-json\/wp\/v2\/posts\/19240\/revisions\/19242"}],"wp:attachment":[{"href":"https:\/\/blogs.correiobraziliense.com.br\/servidor\/wp-json\/wp\/v2\/media?parent=19240"}],"wp:term":[{"taxonomy":"category","embeddable":true,"href":"https:\/\/blogs.correiobraziliense.com.br\/servidor\/wp-json\/wp\/v2\/categories?post=19240"},{"taxonomy":"post_tag","embeddable":true,"href":"https:\/\/blogs.correiobraziliense.com.br\/servidor\/wp-json\/wp\/v2\/tags?post=19240"}],"curies":[{"name":"wp","href":"https:\/\/api.w.org\/{rel}","templated":true}]}}