{"id":1924,"date":"2016-06-15T15:55:23","date_gmt":"2016-06-15T18:55:23","guid":{"rendered":"https:\/\/blogs.correiobraziliense.com.br\/servidor\/?p=1924"},"modified":"2016-06-15T15:55:23","modified_gmt":"2016-06-15T18:55:23","slug":"seminario-na-oab-nacional-sobre-divida-dos-estados-com-uniao","status":"publish","type":"post","link":"https:\/\/blogs.correiobraziliense.com.br\/servidor\/seminario-na-oab-nacional-sobre-divida-dos-estados-com-uniao\/","title":{"rendered":"Semin\u00e1rio na OAB Nacional sobre d\u00edvida dos Estados com a Uni\u00e3o"},"content":{"rendered":"<p><em>Amanh\u00e3, dia 16, a Federa\u00e7\u00e3o Brasileira de Fiscais de Tributos Estaduais (Febrafite), em parceria com o Conselho Federal da OAB e a Auditoria Cidad\u00e3 da D\u00edvida realizar\u00e1,<b>\u00a0<\/b>das 9h \u00e0s 13h, no audit\u00f3rio da OAB,\u00a0semin\u00e1rio sobre a d\u00edvida dos estados com a Uni\u00e3o.<\/em><\/p>\n<p><span style=\"color: #000000\">Perto do\u00a0fim do prazo\u00a0determinado pelo Supremo Tribunal Federal, de 60 dias a partir do dia 27 de abril, para que o governo federal, governos estaduais e parlamentares costurem um acordo para a renegocia\u00e7\u00e3o das d\u00edvidas dos Estados com a Uni\u00e3o, as entidades as entidades far\u00e3o, na sede da OAB em Bras\u00edlia, o Semin\u00e1rio \u201cD\u00edvida dos Estados com a Uni\u00e3o \u2013 Qual a Solu\u00e7\u00e3o Definitiva?\u201d, para debater o tema e propor uma solu\u00e7\u00e3o sem prejudicar as receitas dos Estados, que enfrentam grave crise financeira, e n\u00e3o apenas um al\u00edvio moment\u00e2neo. As propostas apresentadas at\u00e9 agora, no entender das patrocinadoras o evento, apesar de merit\u00f3rias, n\u00e3o resolvem o problema dos contratos firmados nos anos de 1990.<\/span><\/p>\n<p><span style=\"color: #000000\">Para a Febrafite, a d\u00edvida j\u00e1 foi paga e proporciona graves empecilhos para o desenvolvimento das unidades federativas do Brasil. Em janeiro de 1999, os estados deviam R$ 93 bilh\u00f5es \u00e0 Uni\u00e3o e at\u00e9 dezembro de 2014, j\u00e1 haviam pago R$ 246 bilh\u00f5es \u2013 e ainda deviam outros R$ 422 bilh\u00f5es.<\/span><\/p>\n<p><span style=\"color: #000000\">Segundo o presidente da Febrafite, Roberto Kupski, o c\u00e1lculo da d\u00edvida negociada deve ser refeito, com data da assinatura retroativa, a fim de que os entes federados devolvam para a Uni\u00e3o os valores corrigidos pela infla\u00e7\u00e3o oficial brasileira, sem qualquer taxa de juros.<\/span><\/p>\n<p><span style=\"color: #000000\">\u201cNo semin\u00e1rio, debateremos o tema com representantes de todos os setores envolvidos para buscarmos solu\u00e7\u00f5es definitivas para a quest\u00e3o\u201d, destaca Kupski.<\/span><\/p>\n<p><span style=\"color: #000000\">O semin\u00e1rio come\u00e7ar\u00e1 \u00e0s 9h com pronunciamento do presidente da OAB Nacional, Claudio Lamachia, do presidente da Febrafite, Roberto Kupski, e da coordenadora nacional da Auditoria Cidad\u00e3 da D\u00edvida, Maria L\u00facia Fattorelli, e autoridades presentes.<\/span><\/p>\n<p><span style=\"color: #000000\">Em seguida, o auditor-fiscal do Rio Grande do Sul e autor do estudo sobre os contratos da d\u00edvida dos Estados com a Uni\u00e3o, Jo\u00e3o Pedro Casarotto, em conjunto com a Auditoria Cidad\u00e3 da D\u00edvida, apresentar\u00e3o um panorama geral sobre o tema.<\/span><\/p>\n<p><span style=\"color: #000000\">\u201cChegamos a uma situa\u00e7\u00e3o insustent\u00e1vel, na qual diversos estados da federa\u00e7\u00e3o deixam de pagar a servidores p\u00fablicos e aposentados, al\u00e9m da calamidade na presta\u00e7\u00e3o de servi\u00e7os essenciais \u00e0 popula\u00e7\u00e3o\u201d, analisa Fatorelli.<\/span><\/p>\n<p><strong><span style=\"color: #000000\">Confira a programa\u00e7\u00e3o:<\/span><\/strong><\/p>\n<p><span style=\"color: #000000\">9:00min ABERTURA<\/span><\/p>\n<p><span style=\"color: #000000\">Conselho Federal da OAB \u2013 Claudio Pacheco Prates Lamachia<\/span><\/p>\n<p><span style=\"color: #000000\">Febrafite \u2013 Roberto Kupski<\/span><\/p>\n<p><span style=\"color: #000000\">Auditoria Cidad\u00e3 da D\u00edvida \u2013 Maria Lucia Fattorelli<\/span><\/p>\n<p><span style=\"color: #000000\">Autoridades<\/span><\/p>\n<p><span style=\"color: #000000\">10 horas APRESENTA\u00c7\u00c3O PANORAMA GERAL DAS D\u00cdVIDAS<\/span><\/p>\n<p><span style=\"color: #000000\">Febrafite \u2013 Jo\u00e3o Pedro Casarotto<\/span><\/p>\n<p><span style=\"color: #000000\">Auditoria Cidad\u00e3 da D\u00edvida \u2013 Maria L\u00facia Fattorelli<\/span><\/p>\n<p><span style=\"color: #000000\">10:30min PRONUNCIAMENTOS POL\u00cdTICOS, COM FOCO NA<\/span><\/p>\n<p><span style=\"color: #000000\">D\u00cdVIDA DOS ESTADOS.<\/span><\/p>\n<p><span style=\"color: #000000\">Parlamentares, Ministros, Governadores e Secret\u00e1rios.<\/span><\/p>\n<p><span style=\"color: #000000\">12:40min ENCAMINHAMENTOS<\/span><\/p>\n<p><span style=\"color: #000000\">13:00 \u00a0 \u00a0 \u00a0 ENCERRAMENTO<\/span><\/p>\n","protected":false},"excerpt":{"rendered":"<p>Amanh\u00e3, dia 16, a Federa\u00e7\u00e3o Brasileira de Fiscais de Tributos Estaduais (Febrafite), em parceria com o Conselho Federal da OAB e a Auditoria Cidad\u00e3 da D\u00edvida realizar\u00e1,\u00a0das 9h \u00e0s 13h, no audit\u00f3rio da OAB,\u00a0semin\u00e1rio sobre a d\u00edvida dos estados com a Uni\u00e3o. Perto do\u00a0fim do prazo\u00a0determinado pelo Supremo Tribunal Federal, de 60 dias a partir do dia 27 de abril, [&hellip;]<\/p>\n","protected":false},"author":27,"featured_media":0,"comment_status":"open","ping_status":"closed","sticky":false,"template":"","format":"standard","meta":{"footnotes":""},"categories":[1],"tags":[1622,366,1461,943,71,2334,922,326,267,1429,330],"class_list":["post-1924","post","type-post","status-publish","format-standard","hentry","category-sem-categoria","tag-auditoria-da-divida-cidada","tag-crise","tag-divida","tag-estados","tag-febrafite","tag-oab-nacional","tag-propostas","tag-receitas","tag-seminario","tag-solucao","tag-uniao"],"_links":{"self":[{"href":"https:\/\/blogs.correiobraziliense.com.br\/servidor\/wp-json\/wp\/v2\/posts\/1924","targetHints":{"allow":["GET"]}}],"collection":[{"href":"https:\/\/blogs.correiobraziliense.com.br\/servidor\/wp-json\/wp\/v2\/posts"}],"about":[{"href":"https:\/\/blogs.correiobraziliense.com.br\/servidor\/wp-json\/wp\/v2\/types\/post"}],"author":[{"embeddable":true,"href":"https:\/\/blogs.correiobraziliense.com.br\/servidor\/wp-json\/wp\/v2\/users\/27"}],"replies":[{"embeddable":true,"href":"https:\/\/blogs.correiobraziliense.com.br\/servidor\/wp-json\/wp\/v2\/comments?post=1924"}],"version-history":[{"count":1,"href":"https:\/\/blogs.correiobraziliense.com.br\/servidor\/wp-json\/wp\/v2\/posts\/1924\/revisions"}],"predecessor-version":[{"id":1925,"href":"https:\/\/blogs.correiobraziliense.com.br\/servidor\/wp-json\/wp\/v2\/posts\/1924\/revisions\/1925"}],"wp:attachment":[{"href":"https:\/\/blogs.correiobraziliense.com.br\/servidor\/wp-json\/wp\/v2\/media?parent=1924"}],"wp:term":[{"taxonomy":"category","embeddable":true,"href":"https:\/\/blogs.correiobraziliense.com.br\/servidor\/wp-json\/wp\/v2\/categories?post=1924"},{"taxonomy":"post_tag","embeddable":true,"href":"https:\/\/blogs.correiobraziliense.com.br\/servidor\/wp-json\/wp\/v2\/tags?post=1924"}],"curies":[{"name":"wp","href":"https:\/\/api.w.org\/{rel}","templated":true}]}}