{"id":1920,"date":"2016-06-15T13:08:16","date_gmt":"2016-06-15T16:08:16","guid":{"rendered":"https:\/\/blogs.correiobraziliense.com.br\/servidor\/?p=1920"},"modified":"2016-06-15T13:08:16","modified_gmt":"2016-06-15T16:08:16","slug":"ministerio-da-fazenda-novo-regime-fiscal","status":"publish","type":"post","link":"https:\/\/blogs.correiobraziliense.com.br\/servidor\/ministerio-da-fazenda-novo-regime-fiscal\/","title":{"rendered":"Minist\u00e9rio da Fazenda &#8211; Limite para o crescimento do gasto p\u00fablico"},"content":{"rendered":"<p>O Minist\u00e9rio da Fazenda divulgou os detalhes da Proposta de Emenda \u00e0 Constitui\u00e7\u00e3o (PEC) que cria novo regime fiscal e altera o Ato das Disposi\u00e7\u00f5es Constitucionais Transit\u00f3rias<\/p>\n<p><strong>Conceito:<\/strong><\/p>\n<p>Despesa prim\u00e1ria total n\u00e3o poder\u00e1 ter crescimento real a partir de 2017; a PEC limitar\u00e1, pela primeira vez, o crescimento do gasto p\u00fablico e contribuir\u00e1 para \u00a0o necess\u00e1rio ajuste estrutural das contas p\u00fablicas;<\/p>\n<p>Os gastos totais da Uni\u00e3o, inclu\u00eddos os Poderes Legislativo (inclusive o TCU) e Judici\u00e1rio, al\u00e9m de Minist\u00e9rio P\u00fablico da Uni\u00e3o e Defensoria P\u00fablica da Uni\u00e3o, ser\u00e3o reajustados com base na infla\u00e7\u00e3o oficial (IPCA) do ano anterior;<\/p>\n<p>A despesa prim\u00e1ria total inclui os pagamentos de restos a pagar referentes a despesas prim\u00e1rias;<\/p>\n<p><strong>Prazo:<\/strong><\/p>\n<p>20 anos com possibilidade de revis\u00e3o da regra de fixa\u00e7\u00e3o do limite a partir do 10\u00ba ano de vig\u00eancia;<\/p>\n<p><strong>Despesas no primeiro ano:<\/strong><\/p>\n<p>No primeiro ano de vig\u00eancia (2017), o limite dos gastos totais equivaler\u00e1 \u00e0 despesa paga do ano anterior corrigida pela infla\u00e7\u00e3o do ano anterior;<\/p>\n<p><strong>Sa\u00fade e educa\u00e7\u00e3o<\/strong>:<\/p>\n<p>Valores m\u00ednimos dos gastos com sa\u00fade e educa\u00e7\u00e3o da Uni\u00e3o passar\u00e3o a ser corrigidos pela varia\u00e7\u00e3o da infla\u00e7\u00e3o do ano anterior e n\u00e3o mais pela receita. \u00c9 prerrogativa do Congresso Nacional decidir onde os recursos p\u00fablicos ser\u00e3o alocados, respeitando esse novo piso constitucional caso a PEC seja aprovada.<\/p>\n<p><strong>Exce\u00e7\u00f5es:<\/strong><\/p>\n<p>Ficam fora do alcance da PEC as transfer\u00eancias constitucionais a Estados, munic\u00edpios e Distrito Federal e os cr\u00e9ditos extraordin\u00e1rios, al\u00e9m das complementa\u00e7\u00f5es ao Fundeb, as despesas da Justi\u00e7a Eleitoral com as elei\u00e7\u00f5es e despesas de capitaliza\u00e7\u00e3o de estatais n\u00e3o dependentes.<\/p>\n<p><strong>Descumprimento<\/strong>:<\/p>\n<p>Em caso de descumprimento do limite estabelecido para os Poderes e \u00f3rg\u00e3os, o poder que extrapolar o limite ficar\u00e1 proibido no exerc\u00edcio seguinte:<\/p>\n<ol>\n<li>conceder\u00a0 vantagem, aumento, reajuste ou adequa\u00e7\u00e3o de remunera\u00e7\u00e3o de servidores p\u00fablicos, salvo os derivados de senten\u00e7a judicial ou de determina\u00e7\u00e3o legal decorrente de atos anteriores \u00e0 publica\u00e7\u00e3o da PEC;<\/li>\n<li>criar cargo, emprego ou fun\u00e7\u00e3o que implique aumento de despesa;<\/li>\n<\/ol>\n<ol>\n<li>alterar estrutura de carreira que implique aumento de despesa;<\/li>\n<li>admitir ou contratar pessoal, a qualquer t\u00edtulo, ressalvadas a reposi\u00e7\u00e3o decorrente de aposentadoria ou de falecimento de servidores, e as reposi\u00e7\u00f5es de cargos de chefia e de dire\u00e7\u00e3o que n\u00e3o acarretem aumento de despesa;<\/li>\n<\/ol>\n<ol>\n<li>realizar concurso p\u00fablico.<\/li>\n<\/ol>\n<p>Adicionalmente, no caso de descumprimento do limite pelo Poder Executivo, ficam vedados no exerc\u00edcio seguinte:<\/p>\n<ol>\n<li>despesa nominal com subs\u00eddios e subven\u00e7\u00f5es econ\u00f4micas n\u00e3o poder\u00e1 superar aquela realizada no exerc\u00edcio anterior;<\/li>\n<li>concess\u00e3o ou amplia\u00e7\u00e3o de incentivo ou benef\u00edcio de natureza tribut\u00e1ria da qual decorra ren\u00fancia de receita<\/li>\n<\/ol>\n","protected":false},"excerpt":{"rendered":"<p>O Minist\u00e9rio da Fazenda divulgou os detalhes da Proposta de Emenda \u00e0 Constitui\u00e7\u00e3o (PEC) que cria novo regime fiscal e altera o Ato das Disposi\u00e7\u00f5es Constitucionais Transit\u00f3rias Conceito: Despesa prim\u00e1ria total n\u00e3o poder\u00e1 ter crescimento real a partir de 2017; a PEC limitar\u00e1, pela primeira vez, o crescimento do gasto p\u00fablico e contribuir\u00e1 para \u00a0o necess\u00e1rio ajuste estrutural das contas [&hellip;]<\/p>\n","protected":false},"author":27,"featured_media":0,"comment_status":"open","ping_status":"closed","sticky":false,"template":"","format":"standard","meta":{"footnotes":""},"categories":[1],"tags":[78,795,235,2327,2326,1169,2324,810,2156,239,2325],"class_list":["post-1920","post","type-post","status-publish","format-standard","hentry","category-sem-categoria","tag-ajuste","tag-crescimento","tag-despesas","tag-estrutural","tag-fiscla","tag-gastos","tag-limete","tag-ministerio-da-fazenda","tag-pec","tag-real","tag-regime"],"_links":{"self":[{"href":"https:\/\/blogs.correiobraziliense.com.br\/servidor\/wp-json\/wp\/v2\/posts\/1920","targetHints":{"allow":["GET"]}}],"collection":[{"href":"https:\/\/blogs.correiobraziliense.com.br\/servidor\/wp-json\/wp\/v2\/posts"}],"about":[{"href":"https:\/\/blogs.correiobraziliense.com.br\/servidor\/wp-json\/wp\/v2\/types\/post"}],"author":[{"embeddable":true,"href":"https:\/\/blogs.correiobraziliense.com.br\/servidor\/wp-json\/wp\/v2\/users\/27"}],"replies":[{"embeddable":true,"href":"https:\/\/blogs.correiobraziliense.com.br\/servidor\/wp-json\/wp\/v2\/comments?post=1920"}],"version-history":[{"count":1,"href":"https:\/\/blogs.correiobraziliense.com.br\/servidor\/wp-json\/wp\/v2\/posts\/1920\/revisions"}],"predecessor-version":[{"id":1921,"href":"https:\/\/blogs.correiobraziliense.com.br\/servidor\/wp-json\/wp\/v2\/posts\/1920\/revisions\/1921"}],"wp:attachment":[{"href":"https:\/\/blogs.correiobraziliense.com.br\/servidor\/wp-json\/wp\/v2\/media?parent=1920"}],"wp:term":[{"taxonomy":"category","embeddable":true,"href":"https:\/\/blogs.correiobraziliense.com.br\/servidor\/wp-json\/wp\/v2\/categories?post=1920"},{"taxonomy":"post_tag","embeddable":true,"href":"https:\/\/blogs.correiobraziliense.com.br\/servidor\/wp-json\/wp\/v2\/tags?post=1920"}],"curies":[{"name":"wp","href":"https:\/\/api.w.org\/{rel}","templated":true}]}}