{"id":19173,"date":"2021-02-28T18:18:15","date_gmt":"2021-02-28T21:18:15","guid":{"rendered":"https:\/\/blogs.correiobraziliense.com.br\/servidor\/?p=19173"},"modified":"2021-02-28T18:18:15","modified_gmt":"2021-02-28T21:18:15","slug":"servidores-unidos-pedem-o-fim-dos-precos-abusivos","status":"publish","type":"post","link":"https:\/\/blogs.correiobraziliense.com.br\/servidor\/servidores-unidos-pedem-o-fim-dos-precos-abusivos\/","title":{"rendered":"Servidores, unidos, pedem o fim dos pre\u00e7os abusivos"},"content":{"rendered":"<p><em><strong>Mais de 250 entidades representativas de servidores federais, estaduais e municipais, na tarde desse domingo, se reuniram em torno do movimento &#8220;Basta!&#8221;. Far\u00e3o um ato de protesto virtual, na pr\u00f3xima ter\u00e7a-feira, 2 de mar\u00e7o, a partir das 13 horas<\/strong><\/em><\/p>\n<p><img loading=\"lazy\" decoding=\"async\" class=\"alignright size-large wp-image-19174\" src=\"https:\/\/blogs.correiobraziliense.com.br\/servidor\/wp-content\/uploads\/sites\/10\/2021\/02\/BASTA-1024x897.jpg\" alt=\"\" width=\"1024\" height=\"897\" srcset=\"https:\/\/blogs.correiobraziliense.com.br\/servidor\/wp-content\/uploads\/sites\/10\/2021\/02\/BASTA-1024x897.jpg 1024w, https:\/\/blogs.correiobraziliense.com.br\/servidor\/wp-content\/uploads\/sites\/10\/2021\/02\/BASTA-300x263.jpg 300w, https:\/\/blogs.correiobraziliense.com.br\/servidor\/wp-content\/uploads\/sites\/10\/2021\/02\/BASTA-768x673.jpg 768w, https:\/\/blogs.correiobraziliense.com.br\/servidor\/wp-content\/uploads\/sites\/10\/2021\/02\/BASTA-800x701.jpg 800w, https:\/\/blogs.correiobraziliense.com.br\/servidor\/wp-content\/uploads\/sites\/10\/2021\/02\/BASTA-550x482.jpg 550w, https:\/\/blogs.correiobraziliense.com.br\/servidor\/wp-content\/uploads\/sites\/10\/2021\/02\/BASTA-230x201.jpg 230w, https:\/\/blogs.correiobraziliense.com.br\/servidor\/wp-content\/uploads\/sites\/10\/2021\/02\/BASTA.jpg 1046w\" sizes=\"auto, (max-width: 1024px) 100vw, 1024px\" \/><\/p>\n<p>Eles n\u00e3o est\u00e3o apenas contra as reformas (PECs 32 e 186). O movimento Basta! destaca que \u00e9 urgente pedir o fim dos pre\u00e7os abusivos\u00a0da gasolina e da carne. Querem reforma tribut\u00e1ria, justa combate eficaz \u00e0 pandemia, preserva\u00e7\u00e3o dos servidores p\u00fablicos do Brasil, programas para gera\u00e7\u00e3o de emprego, abertura de cr\u00e9ditos para empreendedores, principalmente para pequenas e m\u00e9dias empresas<\/p>\n<p>&#8220;Sabemos que esse n\u00e3o \u00e9 o momento para falar da PEC 186 ou PEC 32. Vamos nos unir, defender os nossos direitos, a economia e, principalmente, a vida da nossa gente.\u00a0Venha conosco participar do ato virtual p\u00fablico \u201cBasta!\u201d contra as PECs 186\/19 e 32\/20&#8221;, destacam os organizadores.<\/p>\n<p><em><strong>Basta! &#8211; Ato p\u00fablico contra as PECs 186 e 32<\/strong><\/em><br \/>\nData: 2\/3\/2021<br \/>\nHor\u00e1rio: a partir das 13h<\/p>\n","protected":false},"excerpt":{"rendered":"<p>Mais de 250 entidades representativas de servidores federais, estaduais e municipais, na tarde desse domingo, se reuniram em torno do movimento &#8220;Basta!&#8221;. Far\u00e3o um ato de protesto virtual, na pr\u00f3xima ter\u00e7a-feira, 2 de mar\u00e7o, a partir das 13 horas Eles n\u00e3o est\u00e3o apenas contra as reformas (PECs 32 e 186). O movimento Basta! destaca que \u00e9 urgente pedir o fim [&hellip;]<\/p>\n","protected":false},"author":27,"featured_media":0,"comment_status":"open","ping_status":"closed","sticky":false,"template":"","format":"standard","meta":{"footnotes":""},"categories":[2719],"tags":[1214,18799,5444,2704,197,1689,59,3913,1690,17255,8669,18800,3911,12193,1893,58],"class_list":["post-19173","post","type-post","status-publish","format-standard","hentry","category-servidor","tag-abusivos","tag-basta","tag-carne","tag-empreendedores","tag-emprego","tag-estaduais","tag-federais","tag-gasolina","tag-municipais","tag-pandemia","tag-pec-186","tag-pec-32","tag-precos","tag-reforma-tributaria","tag-reformas","tag-servidores"],"_links":{"self":[{"href":"https:\/\/blogs.correiobraziliense.com.br\/servidor\/wp-json\/wp\/v2\/posts\/19173","targetHints":{"allow":["GET"]}}],"collection":[{"href":"https:\/\/blogs.correiobraziliense.com.br\/servidor\/wp-json\/wp\/v2\/posts"}],"about":[{"href":"https:\/\/blogs.correiobraziliense.com.br\/servidor\/wp-json\/wp\/v2\/types\/post"}],"author":[{"embeddable":true,"href":"https:\/\/blogs.correiobraziliense.com.br\/servidor\/wp-json\/wp\/v2\/users\/27"}],"replies":[{"embeddable":true,"href":"https:\/\/blogs.correiobraziliense.com.br\/servidor\/wp-json\/wp\/v2\/comments?post=19173"}],"version-history":[{"count":1,"href":"https:\/\/blogs.correiobraziliense.com.br\/servidor\/wp-json\/wp\/v2\/posts\/19173\/revisions"}],"predecessor-version":[{"id":19175,"href":"https:\/\/blogs.correiobraziliense.com.br\/servidor\/wp-json\/wp\/v2\/posts\/19173\/revisions\/19175"}],"wp:attachment":[{"href":"https:\/\/blogs.correiobraziliense.com.br\/servidor\/wp-json\/wp\/v2\/media?parent=19173"}],"wp:term":[{"taxonomy":"category","embeddable":true,"href":"https:\/\/blogs.correiobraziliense.com.br\/servidor\/wp-json\/wp\/v2\/categories?post=19173"},{"taxonomy":"post_tag","embeddable":true,"href":"https:\/\/blogs.correiobraziliense.com.br\/servidor\/wp-json\/wp\/v2\/tags?post=19173"}],"curies":[{"name":"wp","href":"https:\/\/api.w.org\/{rel}","templated":true}]}}