{"id":19165,"date":"2021-02-26T13:52:56","date_gmt":"2021-02-26T16:52:56","guid":{"rendered":"https:\/\/blogs.correiobraziliense.com.br\/servidor\/?p=19165"},"modified":"2021-02-26T13:52:56","modified_gmt":"2021-02-26T16:52:56","slug":"participacao-do-ministro-paulo-guedes-na-reuniao-de-ministros-de-financas-do-g20","status":"publish","type":"post","link":"https:\/\/blogs.correiobraziliense.com.br\/servidor\/participacao-do-ministro-paulo-guedes-na-reuniao-de-ministros-de-financas-do-g20\/","title":{"rendered":"Participa\u00e7\u00e3o do ministro Paulo Guedes na Reuni\u00e3o de Ministros de Finan\u00e7as do G20"},"content":{"rendered":"<p><em><strong>Encontro, nesta sexta-feira (26\/2), foi em formato virtual com a participa\u00e7\u00e3o dos demais ministros do Grupo, informou o Minist\u00e9rio da Economia. Ap\u00f3s dias sumido das redes sociais e de encontros virtuais,\u00a0Paulo Guedes cumpriu agenda na primeira reuni\u00e3o de Ministros de Finan\u00e7as e Governadores de Bancos Centrais do G20 de 2021, sob a presid\u00eancia da It\u00e1lia<\/strong><\/em><\/p>\n<p><img loading=\"lazy\" decoding=\"async\" class=\"alignright size-full wp-image-18846\" src=\"https:\/\/blogs.correiobraziliense.com.br\/servidor\/wp-content\/uploads\/sites\/10\/2021\/01\/bolsonaro-e-guedes.jpg\" alt=\"\" width=\"550\" height=\"408\" srcset=\"https:\/\/blogs.correiobraziliense.com.br\/servidor\/wp-content\/uploads\/sites\/10\/2021\/01\/bolsonaro-e-guedes.jpg 550w, https:\/\/blogs.correiobraziliense.com.br\/servidor\/wp-content\/uploads\/sites\/10\/2021\/01\/bolsonaro-e-guedes-300x223.jpg 300w, https:\/\/blogs.correiobraziliense.com.br\/servidor\/wp-content\/uploads\/sites\/10\/2021\/01\/bolsonaro-e-guedes-230x171.jpg 230w\" sizes=\"auto, (max-width: 550px) 100vw, 550px\" \/><\/p>\n<p>De acordo com a nota divulgada pelo ME, o ministro insistiu, apesar da conjuntura de contamina\u00e7\u00e3o e de atraso na compra de insumos para a imuniza\u00e7\u00e3o da popula\u00e7\u00e3o, que &#8220;as medidas mais importantes e as a\u00e7\u00f5es mais decisivas para salvar vidas e preservar empregos s\u00e3o acelerar a vacina\u00e7\u00e3o em massa, renovar camadas de prote\u00e7\u00e3o para a parcela mais vulner\u00e1vel da popula\u00e7\u00e3o e prosseguir com uma agenda de reformas que garantam recupera\u00e7\u00e3o sustent\u00e1vel e inclusiva&#8221;.<\/p>\n<p>Guedes destacou que as estimativas iniciais de queda de 9,5% do PIB para 2020 foram largamente suplantadas, com a retra\u00e7\u00e3o limitando-se a aproximadamente 4%. Destacou que o pa\u00eds promoveu medidas de apoio fiscal e monet\u00e1rio em 2020 que superaram a m\u00e9dia mundial e que o fez com o objetivo de salvar vidas e de preservar empregos amea\u00e7ados pelos efeitos da pandemia de Covid-19.<\/p>\n<p>Recordou que durante as recess\u00f5es de 2015 e 2016 foram eliminadas quase 1,5 milh\u00e3o de vagas de emprego por ano, enquanto em 2020 foram criadas 140 mil vagas de emprego formal. Com rela\u00e7\u00e3o \u00e0s contas externas, afirmou que o pa\u00eds est\u00e1 em posi\u00e7\u00e3o favor\u00e1vel, uma vez que a queda de exporta\u00e7\u00f5es para destinos como Estados Unidos, Argentina e bloco europeu foi praticamente compensada pelo n\u00edvel das exporta\u00e7\u00f5es para \u00c1sia e Oriente M\u00e9dio.<\/p>\n<p>Com rela\u00e7\u00e3o aos pr\u00f3ximos passos de coordena\u00e7\u00e3o no G20, o ministro concordou com a import\u00e2ncia de alcan\u00e7ar entendimento comum sobre tributa\u00e7\u00e3o da economia digital e com o Plano de A\u00e7\u00e3o do G20. O Brasil soma-se ao grupo de pa\u00edses que apoiam a aloca\u00e7\u00e3o adicional de \u201cspecial drawing rights\u201d (\u201cSDRs\u201d, moeda escritural do FMI) para auxiliar as economias mais vulner\u00e1veis a se recuperarem da crise. O ministro ressaltou, por fim, que os pa\u00edses devem promover recupera\u00e7\u00e3o econ\u00f4mica que seja inclusiva, verde e digital.<\/p>\n","protected":false},"excerpt":{"rendered":"<p>Encontro, nesta sexta-feira (26\/2), foi em formato virtual com a participa\u00e7\u00e3o dos demais ministros do Grupo, informou o Minist\u00e9rio da Economia. Ap\u00f3s dias sumido das redes sociais e de encontros virtuais,\u00a0Paulo Guedes cumpriu agenda na primeira reuni\u00e3o de Ministros de Finan\u00e7as e Governadores de Bancos Centrais do G20 de 2021, sob a presid\u00eancia da It\u00e1lia De acordo com a nota [&hellip;]<\/p>\n","protected":false},"author":27,"featured_media":0,"comment_status":"open","ping_status":"closed","sticky":false,"template":"","format":"standard","meta":{"footnotes":""},"categories":[2719],"tags":[18793,4098,2278,17256,197,2603,7052,3061,67,5505,18792,98,18791,9320,166,14501,1804,545,2746,1893,13061,293,16791,703,276],"class_list":["post-19165","post","type-post","status-publish","format-standard","hentry","category-servidor","tag-bancos-centrais","tag-conjuntura","tag-contas","tag-covid-19","tag-emprego","tag-empregos","tag-externas","tag-financas","tag-fiscal","tag-formal","tag-g20","tag-governo","tag-misterio-da-economia","tag-monetario","tag-mundial","tag-paulo-guedes","tag-pib","tag-populacao","tag-protecao","tag-reformas","tag-retracao","tag-reuniao","tag-vacinacao","tag-vagas","tag-virtual"],"_links":{"self":[{"href":"https:\/\/blogs.correiobraziliense.com.br\/servidor\/wp-json\/wp\/v2\/posts\/19165","targetHints":{"allow":["GET"]}}],"collection":[{"href":"https:\/\/blogs.correiobraziliense.com.br\/servidor\/wp-json\/wp\/v2\/posts"}],"about":[{"href":"https:\/\/blogs.correiobraziliense.com.br\/servidor\/wp-json\/wp\/v2\/types\/post"}],"author":[{"embeddable":true,"href":"https:\/\/blogs.correiobraziliense.com.br\/servidor\/wp-json\/wp\/v2\/users\/27"}],"replies":[{"embeddable":true,"href":"https:\/\/blogs.correiobraziliense.com.br\/servidor\/wp-json\/wp\/v2\/comments?post=19165"}],"version-history":[{"count":1,"href":"https:\/\/blogs.correiobraziliense.com.br\/servidor\/wp-json\/wp\/v2\/posts\/19165\/revisions"}],"predecessor-version":[{"id":19166,"href":"https:\/\/blogs.correiobraziliense.com.br\/servidor\/wp-json\/wp\/v2\/posts\/19165\/revisions\/19166"}],"wp:attachment":[{"href":"https:\/\/blogs.correiobraziliense.com.br\/servidor\/wp-json\/wp\/v2\/media?parent=19165"}],"wp:term":[{"taxonomy":"category","embeddable":true,"href":"https:\/\/blogs.correiobraziliense.com.br\/servidor\/wp-json\/wp\/v2\/categories?post=19165"},{"taxonomy":"post_tag","embeddable":true,"href":"https:\/\/blogs.correiobraziliense.com.br\/servidor\/wp-json\/wp\/v2\/tags?post=19165"}],"curies":[{"name":"wp","href":"https:\/\/api.w.org\/{rel}","templated":true}]}}