{"id":1916,"date":"2016-06-15T12:14:32","date_gmt":"2016-06-15T15:14:32","guid":{"rendered":"https:\/\/blogs.correiobraziliense.com.br\/servidor\/?p=1916"},"modified":"2016-06-15T12:14:32","modified_gmt":"2016-06-15T15:14:32","slug":"conselho-deliberativo-da-geap-tem-que-votar-hoje-reducao-do-aumento-do-plano-de-saude","status":"publish","type":"post","link":"https:\/\/blogs.correiobraziliense.com.br\/servidor\/conselho-deliberativo-da-geap-tem-que-votar-hoje-reducao-do-aumento-do-plano-de-saude\/","title":{"rendered":"Conselho deliberativo da Geap tem que votar hoje redu\u00e7\u00e3o do aumento do plano de sa\u00fade"},"content":{"rendered":"<p><em>A Confedera\u00e7\u00e3o Nacional dos Trabalhadores no Servi\u00e7o P\u00fablico Federal (Condsef) enviou of\u00edcio solicitando ao Conad que vote Resolu\u00e7\u00e3o que rev\u00ea percentuais de reajuste<\/em><\/p>\n<p>A Condsef informa que o Conselho Deliberativo da Geap (Conad) tem at\u00e9 esta quarta-feira, 15, para decidir se reduz o percentual de reajuste de 37,55% imposto aos usu\u00e1rios do plano e seus dependentes. Em of\u00edcio (<a href=\"http:\/\/www.condsef.org.br\/images\/of_128_geap_14-06-2016.pdf\">veja aqui<\/a>), a Condsef argumenta que o valor provocou um impacto no or\u00e7amento familiar que superou a possibilidade de in\u00fameros usu\u00e1rios se manter no plano. &#8220;Isso imp\u00f5e um movimento de rescis\u00e3o contratual que prejudica n\u00e3o apenas os servidores, mas a pr\u00f3pria Geap. Para tentar contornar a situa\u00e7\u00e3o foi apresentada Resolu\u00e7\u00e3o 129\/2016 prevendo a consolida\u00e7\u00e3o de um \u00edndice de 20% nos planos. A decis\u00e3o ainda n\u00e3o foi tomada por um pedido de vista de um dos conselheiros&#8221;, informa a nota.<\/p>\n<p>De acordo com a entidade, como o \u00edndice proposta pela Resolu\u00e7\u00e3o 129\/16 atende a uma necessidade or\u00e7ament\u00e1ria de manuten\u00e7\u00e3o da Geap e estaria no limite da possibilidade do or\u00e7amento familiar da maioria do p\u00fablico usu\u00e1rio, a expectativa \u00e9 de que esse percentual seja aprovado. &#8220;A press\u00e3o em torno dos planos de autogest\u00e3o n\u00e3o \u00e9 recente. A Condsef, desde sempre, defende a sustenta\u00e7\u00e3o e o fortalecimento desse modelo j\u00e1 que historicamente atende servidores e seus dependentes com os pre\u00e7os mais competitivos do mercado de planos de sa\u00fade. A maioria dos assistidos \u00e9 composta por pessoas acima dos 50 anos. Faz-se urgente continuar discutindo a situa\u00e7\u00e3o dos planos de autogest\u00e3o e buscar solu\u00e7\u00f5es definitivas para melhor\u00e1-los&#8221;, destaca.<\/p>\n<p>&#8220;\u00c9 importante assegurar o pagamento de valores justos e a seguran\u00e7a de assist\u00eancia m\u00e9dica aos servidores e seus dependentes naturais; isso at\u00e9 que o SUS (Sistema \u00danico de Sa\u00fade) ganhe a aten\u00e7\u00e3o fundamental por parte do governo e possa assumir integralmente sua miss\u00e3o de suprir a demanda por sa\u00fade da popula\u00e7\u00e3o brasileira. Para a Condsef, \u00e9 urgente rediscutir os planos de autogest\u00e3o. N\u00e3o s\u00f3 a Geap como outros, como a Capsa\u00fade, que vem h\u00e1 tempos sofrendo com problemas administrativos chegando a receber advert\u00eancia e mesmo interven\u00e7\u00f5es da ANS (Ag\u00eancia Nacional de Sa\u00fade).<\/p>\n<p>A Condsef continua defendendo o di\u00e1logo entre representantes dos servidores, do governo e da Geap com o objetivo de debater estrat\u00e9gias e solu\u00e7\u00f5es para que o plano continue prestando servi\u00e7os levando em conta a realidade financeira de seus principais assistidos. Garantir o debate para ampliar a representatividade dos trabalhadores nas decis\u00f5es centrais de gest\u00e3o desses planos tamb\u00e9m se faz urgente&#8221;, refor\u00e7a o documento.<\/p>\n","protected":false},"excerpt":{"rendered":"<p>A Confedera\u00e7\u00e3o Nacional dos Trabalhadores no Servi\u00e7o P\u00fablico Federal (Condsef) enviou of\u00edcio solicitando ao Conad que vote Resolu\u00e7\u00e3o que rev\u00ea percentuais de reajuste A Condsef informa que o Conselho Deliberativo da Geap (Conad) tem at\u00e9 esta quarta-feira, 15, para decidir se reduz o percentual de reajuste de 37,55% imposto aos usu\u00e1rios do plano e seus dependentes. Em of\u00edcio (veja aqui), [&hellip;]<\/p>\n","protected":false},"author":27,"featured_media":0,"comment_status":"open","ping_status":"closed","sticky":false,"template":"","format":"standard","meta":{"footnotes":""},"categories":[1],"tags":[75,2095,1486,2319,2320,76,833,318,2317,325,2318,118],"class_list":["post-1916","post","type-post","status-publish","format-standard","hentry","category-sem-categoria","tag-aumento","tag-conad","tag-condsef","tag-dependentes","tag-familiar","tag-geap","tag-impacto","tag-orcamento","tag-plano-de-saude","tag-reducao","tag-usurario","tag-votar"],"_links":{"self":[{"href":"https:\/\/blogs.correiobraziliense.com.br\/servidor\/wp-json\/wp\/v2\/posts\/1916","targetHints":{"allow":["GET"]}}],"collection":[{"href":"https:\/\/blogs.correiobraziliense.com.br\/servidor\/wp-json\/wp\/v2\/posts"}],"about":[{"href":"https:\/\/blogs.correiobraziliense.com.br\/servidor\/wp-json\/wp\/v2\/types\/post"}],"author":[{"embeddable":true,"href":"https:\/\/blogs.correiobraziliense.com.br\/servidor\/wp-json\/wp\/v2\/users\/27"}],"replies":[{"embeddable":true,"href":"https:\/\/blogs.correiobraziliense.com.br\/servidor\/wp-json\/wp\/v2\/comments?post=1916"}],"version-history":[{"count":1,"href":"https:\/\/blogs.correiobraziliense.com.br\/servidor\/wp-json\/wp\/v2\/posts\/1916\/revisions"}],"predecessor-version":[{"id":1917,"href":"https:\/\/blogs.correiobraziliense.com.br\/servidor\/wp-json\/wp\/v2\/posts\/1916\/revisions\/1917"}],"wp:attachment":[{"href":"https:\/\/blogs.correiobraziliense.com.br\/servidor\/wp-json\/wp\/v2\/media?parent=1916"}],"wp:term":[{"taxonomy":"category","embeddable":true,"href":"https:\/\/blogs.correiobraziliense.com.br\/servidor\/wp-json\/wp\/v2\/categories?post=1916"},{"taxonomy":"post_tag","embeddable":true,"href":"https:\/\/blogs.correiobraziliense.com.br\/servidor\/wp-json\/wp\/v2\/tags?post=1916"}],"curies":[{"name":"wp","href":"https:\/\/api.w.org\/{rel}","templated":true}]}}