{"id":19157,"date":"2021-02-25T18:41:49","date_gmt":"2021-02-25T21:41:49","guid":{"rendered":"https:\/\/blogs.correiobraziliense.com.br\/servidor\/?p=19157"},"modified":"2021-02-25T18:41:49","modified_gmt":"2021-02-25T21:41:49","slug":"pec-emergencial-precariza-o-servico-publico-brasileiro-diz-anape","status":"publish","type":"post","link":"https:\/\/blogs.correiobraziliense.com.br\/servidor\/pec-emergencial-precariza-o-servico-publico-brasileiro-diz-anape\/","title":{"rendered":"PEC Emergencial precariza o servi\u00e7o p\u00fablico brasileiro, diz Anape"},"content":{"rendered":"<p>Por meio de nota, a\u00a0Associa\u00e7\u00e3o Nacional dos Procuradores dos Estados e do DF (Anape)\u00a0avalia que &#8220;a recria\u00e7\u00e3o do aux\u00edlio emergencial n\u00e3o pode depender da desvincula\u00e7\u00e3o de recursos da Educa\u00e7\u00e3o e da Sa\u00fade, ou do fim do financiamento do BNDES e, muito menos, do arrocho permanente dos servidores p\u00fablicos&#8221;<\/p>\n<p><img loading=\"lazy\" decoding=\"async\" class=\"alignright size-large wp-image-19158\" src=\"https:\/\/blogs.correiobraziliense.com.br\/servidor\/wp-content\/uploads\/sites\/10\/2021\/02\/ANAPE-1024x313.png\" alt=\"\" width=\"1024\" height=\"313\" \/><\/p>\n<p>&#8220;Existem outras solu\u00e7\u00f5es. O aux\u00edlio \u00e9 necess\u00e1rio e urgente, por\u00e9m a solu\u00e7\u00e3o para os desafios que a pandemia nos imp\u00f5e n\u00e3o deve estar no sacrif\u00edcio da qualidade do servi\u00e7o p\u00fablico brasileiro&#8221;, aponta a Anape.<\/p>\n<p>Veja a nota:<\/p>\n<p>&#8220;A Associa\u00e7\u00e3o Nacional dos Procuradores dos Estados e do DF (Anape) vem atuando diuturnamente durante a pandemia da covid-19, por meio das Procuradorias dos Estados, e acompanhando atentamente os impactos da crise sanit\u00e1ria em toda a sociedade brasileira. Por isso, entendemos a necessidade de se criar condi\u00e7\u00f5es para o enfrentamento das consequ\u00eancias sociais, em especial, a cria\u00e7\u00e3o de novo aux\u00edlio emergencial, t\u00e3o necess\u00e1rio para a popula\u00e7\u00e3o vulner\u00e1vel do pa\u00eds, que, com a pandemia, ficou mais vulner\u00e1vel ainda.<\/p>\n<p>No entanto, a Anape avalia que a recria\u00e7\u00e3o do aux\u00edlio emergencial n\u00e3o pode depender da desvincula\u00e7\u00e3o de recursos da Educa\u00e7\u00e3o e da Sa\u00fade, ou do fim do financiamento do BNDES e, muito menos, do arrocho permanente dos servidores p\u00fablicos. Somos contra o corte indiscriminado de despesas e direitos previsto no artigo 167-A da PEC n\u00ba 186\/2019 (PEC Emergencial), por ofender \u00e0 autonomia dos Estados e a prerrogativa dos Poderes, al\u00e9m de promover a precariza\u00e7\u00e3o dos servi\u00e7os p\u00fablicos.<\/p>\n<p>J\u00e1 o artigo 167-G \u2013 que estabelece as mesmas restri\u00e7\u00f5es, veda\u00e7\u00f5es e congelamento de sal\u00e1rios previstos no artigo 167-A de maneira imediata, at\u00e9 o segundo ano do exerc\u00edcio seguinte ao t\u00e9rmino do estado de calamidade p\u00fablica \u2013 tamb\u00e9m prejudica o servi\u00e7o p\u00fablico, j\u00e1 impactado pelas restri\u00e7\u00f5es previstas na Lei Complementar 173\/2020. O dispositivo n\u00e3o leva em conta a autonomia dos entes e as variantes constantes da pr\u00f3pria Administra\u00e7\u00e3o P\u00fablica.<\/p>\n<p>Existem outras solu\u00e7\u00f5es. O aux\u00edlio \u00e9 necess\u00e1rio e urgente, por\u00e9m a solu\u00e7\u00e3o para os desafios que a pandemia nos imp\u00f5e n\u00e3o deve estar no sacrif\u00edcio da qualidade do servi\u00e7o p\u00fablico brasileiro.&#8221;<\/p>\n","protected":false},"excerpt":{"rendered":"<p>Por meio de nota, a\u00a0Associa\u00e7\u00e3o Nacional dos Procuradores dos Estados e do DF (Anape)\u00a0avalia que &#8220;a recria\u00e7\u00e3o do aux\u00edlio emergencial n\u00e3o pode depender da desvincula\u00e7\u00e3o de recursos da Educa\u00e7\u00e3o e da Sa\u00fade, ou do fim do financiamento do BNDES e, muito menos, do arrocho permanente dos servidores p\u00fablicos&#8221; &#8220;Existem outras solu\u00e7\u00f5es. O aux\u00edlio \u00e9 necess\u00e1rio e urgente, por\u00e9m a solu\u00e7\u00e3o [&hellip;]<\/p>\n","protected":false},"author":27,"featured_media":0,"comment_status":"open","ping_status":"closed","sticky":false,"template":"","format":"standard","meta":{"footnotes":""},"categories":[2719],"tags":[10645,17262,2739,366,48,3362,17255,545,1235,316,7570,616,58,3833],"class_list":["post-19157","post","type-post","status-publish","format-standard","hentry","category-servidor","tag-anape","tag-auxilio-emergencial","tag-bndes","tag-crise","tag-educacao","tag-financiamento","tag-pandemia","tag-populacao","tag-procuradores","tag-recursos","tag-sanitaria","tag-saude","tag-servidores","tag-vulneravel"],"_links":{"self":[{"href":"https:\/\/blogs.correiobraziliense.com.br\/servidor\/wp-json\/wp\/v2\/posts\/19157","targetHints":{"allow":["GET"]}}],"collection":[{"href":"https:\/\/blogs.correiobraziliense.com.br\/servidor\/wp-json\/wp\/v2\/posts"}],"about":[{"href":"https:\/\/blogs.correiobraziliense.com.br\/servidor\/wp-json\/wp\/v2\/types\/post"}],"author":[{"embeddable":true,"href":"https:\/\/blogs.correiobraziliense.com.br\/servidor\/wp-json\/wp\/v2\/users\/27"}],"replies":[{"embeddable":true,"href":"https:\/\/blogs.correiobraziliense.com.br\/servidor\/wp-json\/wp\/v2\/comments?post=19157"}],"version-history":[{"count":1,"href":"https:\/\/blogs.correiobraziliense.com.br\/servidor\/wp-json\/wp\/v2\/posts\/19157\/revisions"}],"predecessor-version":[{"id":19159,"href":"https:\/\/blogs.correiobraziliense.com.br\/servidor\/wp-json\/wp\/v2\/posts\/19157\/revisions\/19159"}],"wp:attachment":[{"href":"https:\/\/blogs.correiobraziliense.com.br\/servidor\/wp-json\/wp\/v2\/media?parent=19157"}],"wp:term":[{"taxonomy":"category","embeddable":true,"href":"https:\/\/blogs.correiobraziliense.com.br\/servidor\/wp-json\/wp\/v2\/categories?post=19157"},{"taxonomy":"post_tag","embeddable":true,"href":"https:\/\/blogs.correiobraziliense.com.br\/servidor\/wp-json\/wp\/v2\/tags?post=19157"}],"curies":[{"name":"wp","href":"https:\/\/api.w.org\/{rel}","templated":true}]}}