{"id":19136,"date":"2021-02-23T18:12:30","date_gmt":"2021-02-23T21:12:30","guid":{"rendered":"https:\/\/blogs.correiobraziliense.com.br\/servidor\/?p=19136"},"modified":"2021-02-23T18:12:30","modified_gmt":"2021-02-23T21:12:30","slug":"caso-santo-angelo-rs-procuradores-do-trabalho-sao-removidos-por-assedio-moral","status":"publish","type":"post","link":"https:\/\/blogs.correiobraziliense.com.br\/servidor\/caso-santo-angelo-rs-procuradores-do-trabalho-sao-removidos-por-assedio-moral\/","title":{"rendered":"Caso Santo \u00c2ngelo (RS): procuradores do Trabalho s\u00e3o removidos por ass\u00e9dio moral"},"content":{"rendered":"<p><em><strong>O SindMPU atuou no caso e procuradores do Trabalho s\u00e3o removidos por ass\u00e9dio moral, no julgamento do\u00a0Processo Administrativo Disciplinar (PAD) do Conselho Nacional do Minist\u00e9rio P\u00fablico (CNMP), na Procuradoria do trabalho de Santo \u00c2ngelo (RS)<\/strong><\/em><\/p>\n<p><img loading=\"lazy\" decoding=\"async\" class=\"alignright size-large wp-image-19137\" src=\"https:\/\/blogs.correiobraziliense.com.br\/servidor\/wp-content\/uploads\/sites\/10\/2021\/02\/ass\u00e9dio-moral-banc\u00e1rios-1024x512.jpg\" alt=\"\" width=\"1024\" height=\"512\" srcset=\"https:\/\/blogs.correiobraziliense.com.br\/servidor\/wp-content\/uploads\/sites\/10\/2021\/02\/ass\u00e9dio-moral-banc\u00e1rios-1024x512.jpg 1024w, https:\/\/blogs.correiobraziliense.com.br\/servidor\/wp-content\/uploads\/sites\/10\/2021\/02\/ass\u00e9dio-moral-banc\u00e1rios-300x150.jpg 300w, https:\/\/blogs.correiobraziliense.com.br\/servidor\/wp-content\/uploads\/sites\/10\/2021\/02\/ass\u00e9dio-moral-banc\u00e1rios-768x384.jpg 768w, https:\/\/blogs.correiobraziliense.com.br\/servidor\/wp-content\/uploads\/sites\/10\/2021\/02\/ass\u00e9dio-moral-banc\u00e1rios-1440x720.jpg 1440w, https:\/\/blogs.correiobraziliense.com.br\/servidor\/wp-content\/uploads\/sites\/10\/2021\/02\/ass\u00e9dio-moral-banc\u00e1rios-800x400.jpg 800w, https:\/\/blogs.correiobraziliense.com.br\/servidor\/wp-content\/uploads\/sites\/10\/2021\/02\/ass\u00e9dio-moral-banc\u00e1rios-550x275.jpg 550w, https:\/\/blogs.correiobraziliense.com.br\/servidor\/wp-content\/uploads\/sites\/10\/2021\/02\/ass\u00e9dio-moral-banc\u00e1rios-230x115.jpg 230w, https:\/\/blogs.correiobraziliense.com.br\/servidor\/wp-content\/uploads\/sites\/10\/2021\/02\/ass\u00e9dio-moral-banc\u00e1rios.jpg 1600w\" sizes=\"auto, (max-width: 1024px) 100vw, 1024px\" \/><\/p>\n<p><em><strong>Foto: Sindicato dos Banc\u00e1rios de Maca\u00e9<\/strong><\/em><\/p>\n<p>O relator do voto, conselheiro Luciano Nunes, decidiu que \u00e9 necess\u00e1rio resguardar a imagem da institui\u00e7\u00e3o e proporcionar um ambiente de trabalho sadio. Ele acrescentou ainda que o ideal \u00e9 que os acusados fossem removidos, preferencialmente, para uma unidade do Minist\u00e9rio P\u00fablico do Trabalho (MPT) em que tenha mais de dois of\u00edcios, a fim de evitar poss\u00edveis futuros problemas, tendo em vista que um deles j\u00e1 era reincidente.<\/p>\n<p>No dia 9 de fevereiro, em sess\u00e3o ordin\u00e1ria, os membros do CNMP foram un\u00e2nimes sobre a pena de suspens\u00e3o de 90 dias, sem remunera\u00e7\u00e3o, aos procuradores do Trabalho Fernanda Alitta Moreira e Roberto Portela, conforme divulgado pelo <a href=\"https:\/\/blogs.correiobraziliense.com.br\/servidor\/procuradores-do-trabalho-condenados-por-assedio-moral-no-rs\/\">Blog do Servidor<\/a>. Por\u00e9m adiaram o julgamento referente \u00e0 remo\u00e7\u00e3o.<\/p>\n<p>E hoje (23), os conselheiros que solicitaram vista concordaram com o voto do relator Luciano Nunes. \u201cO quadro f\u00e1tico revela um meio ambiente patol\u00f3gico, estou concluindo que h\u00e1 interesse p\u00fablico e \u00e9 necess\u00e1rio preservar um ambiente h\u00edgido e saud\u00e1vel\u201d, assim votou o conselheiro Sebasti\u00e3o Caixeta.<\/p>\n<p>Por fim, o corregedor nacional do Minist\u00e9rio P\u00fablico, Rinaldo Reis, tamb\u00e9m concordou com a decis\u00e3o: &#8220;Os pequenos ajustes feitos contemplam minhas preocupa\u00e7\u00f5es\u201d, afirmou. Em s\u00edntese, a remo\u00e7\u00e3o ocorreu por unanimidade. &#8220;Essa decis\u00e3o \u00e9 hist\u00f3ria, de extrema import\u00e2ncia para n\u00f3s. servidores, mostrarmos a for\u00e7a e a import\u00e2ncia de um sindicato atuante e forte&#8221;, afirmou Adriel Grael, presidente do SindMPU.<\/p>\n<p>O SindMPU, por meio da diretoria nacional e da seccional do Rio Grande do Sul acompanhou todo o processo e esteve de prontid\u00e3o para atender aos servidores afetados. Na sess\u00e3o de hoje estavam presentes o Diretor Executivo, Adriel Gael e Bruno Rocha do Escrit\u00f3rio Estilac e Rocha.<\/p>\n","protected":false},"excerpt":{"rendered":"<p>O SindMPU atuou no caso e procuradores do Trabalho s\u00e3o removidos por ass\u00e9dio moral, no julgamento do\u00a0Processo Administrativo Disciplinar (PAD) do Conselho Nacional do Minist\u00e9rio P\u00fablico (CNMP), na Procuradoria do trabalho de Santo \u00c2ngelo (RS) Foto: Sindicato dos Banc\u00e1rios de Maca\u00e9 O relator do voto, conselheiro Luciano Nunes, decidiu que \u00e9 necess\u00e1rio resguardar a imagem da institui\u00e7\u00e3o e proporcionar um [&hellip;]<\/p>\n","protected":false},"author":27,"featured_media":0,"comment_status":"open","ping_status":"closed","sticky":false,"template":"","format":"standard","meta":{"footnotes":""},"categories":[2719],"tags":[915,7143,1949,1391,3695,1235,18781,1620,3543,18782,18340,261],"class_list":["post-19136","post","type-post","status-publish","format-standard","hentry","category-servidor","tag-assedio-moral","tag-cnmp","tag-julgamento","tag-pad","tag-pena","tag-procuradores","tag-removidos","tag-remuneracao","tag-rs","tag-santo-angelo","tag-sindmpu","tag-trabalho"],"_links":{"self":[{"href":"https:\/\/blogs.correiobraziliense.com.br\/servidor\/wp-json\/wp\/v2\/posts\/19136","targetHints":{"allow":["GET"]}}],"collection":[{"href":"https:\/\/blogs.correiobraziliense.com.br\/servidor\/wp-json\/wp\/v2\/posts"}],"about":[{"href":"https:\/\/blogs.correiobraziliense.com.br\/servidor\/wp-json\/wp\/v2\/types\/post"}],"author":[{"embeddable":true,"href":"https:\/\/blogs.correiobraziliense.com.br\/servidor\/wp-json\/wp\/v2\/users\/27"}],"replies":[{"embeddable":true,"href":"https:\/\/blogs.correiobraziliense.com.br\/servidor\/wp-json\/wp\/v2\/comments?post=19136"}],"version-history":[{"count":1,"href":"https:\/\/blogs.correiobraziliense.com.br\/servidor\/wp-json\/wp\/v2\/posts\/19136\/revisions"}],"predecessor-version":[{"id":19138,"href":"https:\/\/blogs.correiobraziliense.com.br\/servidor\/wp-json\/wp\/v2\/posts\/19136\/revisions\/19138"}],"wp:attachment":[{"href":"https:\/\/blogs.correiobraziliense.com.br\/servidor\/wp-json\/wp\/v2\/media?parent=19136"}],"wp:term":[{"taxonomy":"category","embeddable":true,"href":"https:\/\/blogs.correiobraziliense.com.br\/servidor\/wp-json\/wp\/v2\/categories?post=19136"},{"taxonomy":"post_tag","embeddable":true,"href":"https:\/\/blogs.correiobraziliense.com.br\/servidor\/wp-json\/wp\/v2\/tags?post=19136"}],"curies":[{"name":"wp","href":"https:\/\/api.w.org\/{rel}","templated":true}]}}