{"id":19122,"date":"2021-02-23T15:17:48","date_gmt":"2021-02-23T18:17:48","guid":{"rendered":"https:\/\/blogs.correiobraziliense.com.br\/servidor\/?p=19122"},"modified":"2021-02-23T15:17:48","modified_gmt":"2021-02-23T18:17:48","slug":"bancarios-da-caixa-denunciam-cobranca-de-metas-inatingiveis-assedio-moral-e-afrouxamento-de-normas-de-protecao-a-covid","status":"publish","type":"post","link":"https:\/\/blogs.correiobraziliense.com.br\/servidor\/bancarios-da-caixa-denunciam-cobranca-de-metas-inatingiveis-assedio-moral-e-afrouxamento-de-normas-de-protecao-a-covid\/","title":{"rendered":"Banc\u00e1rios da Caixa denunciam cobran\u00e7a de metas inating\u00edveis, ass\u00e9dio moral e afrouxamento de normas de prote\u00e7\u00e3o \u00e0 covid"},"content":{"rendered":"<p><em><strong>Situa\u00e7\u00f5es como estas s\u00e3o tema do Semin\u00e1rio \u201cDefesa da Caixa, do Brasil e da Vida\u201d, que re\u00fane, nesta ter\u00e7a-feira, a partir das 18 horas, dirigentes de representa\u00e7\u00f5es sindicais dos trabalhadores do banco p\u00fablico. \u201cN\u00e3o fosse o empenho dos empregados da Caixa Econ\u00f4mica para o pagamento do aux\u00edlio emergencial e de outros tantos benef\u00edcios sociais, 120 milh\u00f5es de brasileiros n\u00e3o teriam conseguido sobreviver nesta crise econ\u00f4mica sem precedentes\u201d, destaca federa\u00e7\u00e3o nacional da categoria (Fenae)<\/strong><\/em><\/p>\n<p><img loading=\"lazy\" decoding=\"async\" class=\"alignright size-large wp-image-19123\" src=\"https:\/\/blogs.correiobraziliense.com.br\/servidor\/wp-content\/uploads\/sites\/10\/2021\/02\/CAIXA-AGLOMERA\u00c7\u00c3O-1024x682.jpg\" alt=\"\" width=\"1024\" height=\"682\" srcset=\"https:\/\/blogs.correiobraziliense.com.br\/servidor\/wp-content\/uploads\/sites\/10\/2021\/02\/CAIXA-AGLOMERA\u00c7\u00c3O-1024x682.jpg 1024w, https:\/\/blogs.correiobraziliense.com.br\/servidor\/wp-content\/uploads\/sites\/10\/2021\/02\/CAIXA-AGLOMERA\u00c7\u00c3O-300x200.jpg 300w, https:\/\/blogs.correiobraziliense.com.br\/servidor\/wp-content\/uploads\/sites\/10\/2021\/02\/CAIXA-AGLOMERA\u00c7\u00c3O-768x512.jpg 768w, https:\/\/blogs.correiobraziliense.com.br\/servidor\/wp-content\/uploads\/sites\/10\/2021\/02\/CAIXA-AGLOMERA\u00c7\u00c3O-800x533.jpg 800w, https:\/\/blogs.correiobraziliense.com.br\/servidor\/wp-content\/uploads\/sites\/10\/2021\/02\/CAIXA-AGLOMERA\u00c7\u00c3O-550x367.jpg 550w, https:\/\/blogs.correiobraziliense.com.br\/servidor\/wp-content\/uploads\/sites\/10\/2021\/02\/CAIXA-AGLOMERA\u00c7\u00c3O-230x153.jpg 230w, https:\/\/blogs.correiobraziliense.com.br\/servidor\/wp-content\/uploads\/sites\/10\/2021\/02\/CAIXA-AGLOMERA\u00c7\u00c3O.jpg 1280w\" sizes=\"auto, (max-width: 1024px) 100vw, 1024px\" \/><\/p>\n<p>A Federa\u00e7\u00e3o Nacional das Associa\u00e7\u00f5es do Pessoal da Caixa Econ\u00f4mica Federal (Fenae), a Comiss\u00e3o Executiva dos Empregados (CEE) e outras representa\u00e7\u00f5es dos trabalhadores do banco denunciam a cobran\u00e7a, por parte da dire\u00e7\u00e3o da estatal, de metas incompat\u00edveis com o contexto da pandemia da covid-19. As entidades tamb\u00e9m alertam para casos de ass\u00e9dio moral, afrouxamento de normas de prote\u00e7\u00e3o \u00e0 sa\u00fade dos trabalhadores e press\u00e3o para o retorno presencial, apesar do recrudescimento dos casos de contamina\u00e7\u00e3o pelo coronav\u00edrus em diferentes locais do pa\u00eds.<\/p>\n<p>Esses problemas ser\u00e3o o foco principal, nesta ter\u00e7a-feira (23), do Semin\u00e1rio de Dirigentes Sindicais \u201cDefesa da Caixa, do Brasil e da Vida\u201d, cuja abertura, \u00e0s 19 horas, com a participa\u00e7\u00e3o do presidente da Fenae, Sergio Takemoto. \u201cN\u00e3o fosse o empenho dos empregados da Caixa Econ\u00f4mica para o pagamento do aux\u00edlio emergencial e de outros tantos benef\u00edcios sociais, 120 milh\u00f5es de brasileiros n\u00e3o teriam conseguido sobreviver nesta crise econ\u00f4mica sem precedentes\u201d, ressalta Takemoto.<\/p>\n<p>\u201cAs metas continuam desumanas, al\u00e9m do forte ass\u00e9dio aos trabalhadores&#8221;, refor\u00e7a a coordenadora da CEE, Fabiana Uehara Proscholdt. &#8220;\u00c9 inacredit\u00e1vel que em um momento em que os empregados est\u00e3o sendo exemplo de dedica\u00e7\u00e3o, a dire\u00e7\u00e3o da Caixa imponha metas inating\u00edveis. A meta do banco deveria ser preservar a vida dos banc\u00e1rios e da popula\u00e7\u00e3o\u201d, emenda o presidente da Fenae.<\/p>\n<p>Um trabalhador revela, em rede social: &#8220;Com pandemia e crise econ\u00f4mica, al\u00e9m da morte de colegas, a Caixa nos obriga a vender cart\u00f5es, cr\u00e9ditos, previd\u00eancia e outros produtos para uma popula\u00e7\u00e3o que est\u00e1 sofrendo com desemprego&#8221;. Banc\u00e1rios tamb\u00e9m t\u00eam denunciado ass\u00e9dio por parte da empresa. &#8220;Estamos com medo de postar qualquer coisa. Medo das san\u00e7\u00f5es administrativas, de demiss\u00e3o por justa causa e de n\u00e3o incorporar [benef\u00edcios]&#8221;, afirma outro empregado.<\/p>\n<p>Na \u00faltima sexta-feira (19), os trabalhadores da Caixa mostraram indigna\u00e7\u00e3o a fatos como estes por meio de um tuita\u00e7o. Em S\u00e3o Paulo, a Associa\u00e7\u00e3o do Pessoal da Caixa (Apcef\/SP) e o Sindicato dos Banc\u00e1rios t\u00eam feito atividades com paralisa\u00e7\u00f5es parciais das ag\u00eancias que sediam a Superintend\u00eancia Executiva de Varejo (SEV) para denunciar a atitude da dire\u00e7\u00e3o do banco ao impor metas inalcans\u00e1veis, com cobran\u00e7as classificadas como abusivas.<\/p>\n<p>Segundo o presidente da Apcef\/SP e membro da CEE, Leonardo Quadros, para cumprir as metas impostas, os empregados t\u00eam ficado mais expostos, comprometendo o rod\u00edzio de trabalhadores nas ag\u00eancias e aumentando o n\u00famero de contamina\u00e7\u00f5es por covid-19.<\/p>\n<p>\u201cForam estabelecidas diversas ferramentas de monitoramento e cobran\u00e7a de resultados; mas, o acompanhamento das medidas de prote\u00e7\u00e3o, que t\u00eam sido abrandadas, pelo que verificamos, \u00e9 quase inexistente\u201d, afirma Quadros.<\/p>\n<p>No \u00faltimo dia 10, como informou este <em><strong>Blog do Servidor<\/strong><\/em> com exclusividade, a Fenae e a Confedera\u00e7\u00e3o Nacional dos Trabalhadores do Ramo Financeiro (Contraf-CUT) participaram de uma primeira audi\u00eancia com o Minist\u00e9rio P\u00fablico do Trabalho (MPT) para tratar de persegui\u00e7\u00f5es a empregados registradas ao longo da reestrutura\u00e7\u00e3o imposta pelo banco. \u201cOs fatos v\u00eam sendo denunciados por banc\u00e1rios de diferentes locais do pa\u00eds\u201d, ressalta a Federa\u00e7\u00e3o.<\/p>\n<p>O MPT deu um prazo de 30 dias para que o banco apresente todas as informa\u00e7\u00f5es solicitadas. A partir da\u00ed, o Minist\u00e9rio P\u00fablico do Trabalho definir\u00e1 os pr\u00f3ximos desdobramentos.<\/p>\n<p><strong>Semin\u00e1rio<\/strong><\/p>\n<p>A abertura do semin\u00e1rio (online) \u201cDefesa da Caixa, do Brasil e da Vida\u201d tamb\u00e9m contar\u00e1 com a participa\u00e7\u00e3o da presidenta do Sindicato dos Banc\u00e1rios de S\u00e3o Paulo, Osasco e Regi\u00e3o, Ivone Silva; do presidente da Federa\u00e7\u00e3o dos Banc\u00e1rios de S\u00e3o Paulo e do Mato Grosso do Sul, Jeferson Rubens Boava; da representante eleita dos empregados no Conselho de Administra\u00e7\u00e3o da Caixa, Rita Serrano; do presidente da Apcef\/SP, Leonardo Quadros; e da presidente da Federa\u00e7\u00e3o dos Trabalhadores em Empresas de Cr\u00e9dito de S\u00e3o Paulo, Aline Molina.<\/p>\n<p>\u201cCom o avan\u00e7o do desmonte do Estado brasileiro e as amea\u00e7as de privatiza\u00e7\u00e3o da Caixa, encontros como estes t\u00eam ocorrido com maior frequ\u00eancia\u201d, observa o diretor da Fenae e do Sindicato dos Banc\u00e1rios de S\u00e3o Paulo, Osasco e Regi\u00e3o, Dion\u00edsio Reis.<\/p>\n<p>A programa\u00e7\u00e3o do semin\u00e1rio ainda incluiu um debate sobre \u201cPerspectiva Econ\u00f4mica\u201d, com o economista e t\u00e9cnico do Dieese, Sergio Lisboa; a apresenta\u00e7\u00e3o do projeto \u201cCovid como doen\u00e7a relacionada ao trabalho\u201d; a defesa da Funcef [o fundo de pens\u00e3o do banco] e o plano Sa\u00fade Caixa.<\/p>\n","protected":false},"excerpt":{"rendered":"<p>Situa\u00e7\u00f5es como estas s\u00e3o tema do Semin\u00e1rio \u201cDefesa da Caixa, do Brasil e da Vida\u201d, que re\u00fane, nesta ter\u00e7a-feira, a partir das 18 horas, dirigentes de representa\u00e7\u00f5es sindicais dos trabalhadores do banco p\u00fablico. \u201cN\u00e3o fosse o empenho dos empregados da Caixa Econ\u00f4mica para o pagamento do aux\u00edlio emergencial e de outros tantos benef\u00edcios sociais, 120 milh\u00f5es de brasileiros n\u00e3o teriam [&hellip;]<\/p>\n","protected":false},"author":27,"featured_media":0,"comment_status":"open","ping_status":"closed","sticky":false,"template":"","format":"standard","meta":{"footnotes":""},"categories":[2719],"tags":[18779,915,463,3787,1149,10474,16896,17256,16335,1341,2045,751,10471,616,18780],"class_list":["post-19122","post","type-post","status-publish","format-standard","hentry","category-servidor","tag-afrouxamento","tag-assedio-moral","tag-atividades","tag-banco","tag-caixa","tag-contaminacao","tag-coronavirus","tag-covid-19","tag-fenae","tag-funcionarios","tag-metas","tag-regras","tag-sanitarias","tag-saude","tag-semirario"],"_links":{"self":[{"href":"https:\/\/blogs.correiobraziliense.com.br\/servidor\/wp-json\/wp\/v2\/posts\/19122","targetHints":{"allow":["GET"]}}],"collection":[{"href":"https:\/\/blogs.correiobraziliense.com.br\/servidor\/wp-json\/wp\/v2\/posts"}],"about":[{"href":"https:\/\/blogs.correiobraziliense.com.br\/servidor\/wp-json\/wp\/v2\/types\/post"}],"author":[{"embeddable":true,"href":"https:\/\/blogs.correiobraziliense.com.br\/servidor\/wp-json\/wp\/v2\/users\/27"}],"replies":[{"embeddable":true,"href":"https:\/\/blogs.correiobraziliense.com.br\/servidor\/wp-json\/wp\/v2\/comments?post=19122"}],"version-history":[{"count":1,"href":"https:\/\/blogs.correiobraziliense.com.br\/servidor\/wp-json\/wp\/v2\/posts\/19122\/revisions"}],"predecessor-version":[{"id":19124,"href":"https:\/\/blogs.correiobraziliense.com.br\/servidor\/wp-json\/wp\/v2\/posts\/19122\/revisions\/19124"}],"wp:attachment":[{"href":"https:\/\/blogs.correiobraziliense.com.br\/servidor\/wp-json\/wp\/v2\/media?parent=19122"}],"wp:term":[{"taxonomy":"category","embeddable":true,"href":"https:\/\/blogs.correiobraziliense.com.br\/servidor\/wp-json\/wp\/v2\/categories?post=19122"},{"taxonomy":"post_tag","embeddable":true,"href":"https:\/\/blogs.correiobraziliense.com.br\/servidor\/wp-json\/wp\/v2\/tags?post=19122"}],"curies":[{"name":"wp","href":"https:\/\/api.w.org\/{rel}","templated":true}]}}