{"id":19115,"date":"2021-02-23T11:11:39","date_gmt":"2021-02-23T14:11:39","guid":{"rendered":"https:\/\/blogs.correiobraziliense.com.br\/servidor\/?p=19115"},"modified":"2021-02-23T14:58:26","modified_gmt":"2021-02-23T17:58:26","slug":"prova-de-vida-do-inss-e-adiada-por-mais-60-dias","status":"publish","type":"post","link":"https:\/\/blogs.correiobraziliense.com.br\/servidor\/prova-de-vida-do-inss-e-adiada-por-mais-60-dias\/","title":{"rendered":"Prova de vida do INSS \u00e9 adiada por mais 60 dias"},"content":{"rendered":"<p><em><strong>O governo anunciou hoje que a prova de vida para aposentados e pensionistas &#8211; que j\u00e1 tinha sido suspensa durante a pandemia &#8211; s\u00f3 vai recome\u00e7ar em maio. Ou seja, quem n\u00e3o fez o procedimento, n\u00e3o ter\u00e1 o benef\u00edcio suspenso. A not\u00edcia foi dada nesta manh\u00e3 em conjunto com a divulga\u00e7\u00e3o da prova de vida online, antes um projeto-piloto, que a partir de agora est\u00e1 dispon\u00edvel para todos,\u00a0a partir desta ter\u00e7a-feira, 23 de fevereiro<\/strong><\/em><\/p>\n<p><img loading=\"lazy\" decoding=\"async\" class=\"alignright size-large wp-image-19118\" src=\"https:\/\/blogs.correiobraziliense.com.br\/servidor\/wp-content\/uploads\/sites\/10\/2021\/02\/prova-de-vida-inss-1024x512.png\" alt=\"\" width=\"1024\" height=\"512\" srcset=\"https:\/\/blogs.correiobraziliense.com.br\/servidor\/wp-content\/uploads\/sites\/10\/2021\/02\/prova-de-vida-inss-1024x512.png 1024w, https:\/\/blogs.correiobraziliense.com.br\/servidor\/wp-content\/uploads\/sites\/10\/2021\/02\/prova-de-vida-inss-300x150.png 300w, https:\/\/blogs.correiobraziliense.com.br\/servidor\/wp-content\/uploads\/sites\/10\/2021\/02\/prova-de-vida-inss-768x384.png 768w, https:\/\/blogs.correiobraziliense.com.br\/servidor\/wp-content\/uploads\/sites\/10\/2021\/02\/prova-de-vida-inss-1440x720.png 1440w, https:\/\/blogs.correiobraziliense.com.br\/servidor\/wp-content\/uploads\/sites\/10\/2021\/02\/prova-de-vida-inss-800x400.png 800w, https:\/\/blogs.correiobraziliense.com.br\/servidor\/wp-content\/uploads\/sites\/10\/2021\/02\/prova-de-vida-inss-550x275.png 550w, https:\/\/blogs.correiobraziliense.com.br\/servidor\/wp-content\/uploads\/sites\/10\/2021\/02\/prova-de-vida-inss-230x115.png 230w, https:\/\/blogs.correiobraziliense.com.br\/servidor\/wp-content\/uploads\/sites\/10\/2021\/02\/prova-de-vida-inss.png 1600w\" sizes=\"auto, (max-width: 1024px) 100vw, 1024px\" \/><\/p>\n<p>O secret\u00e1rio especial de Previd\u00eancia e Trabalho do Minist\u00e9rio da Economia, Bruno Bianco, explicou que o novo modelo j\u00e1 est\u00e1 funcionando pelo celular, &#8220;para dar mais tranquilidade&#8221; aos cidad\u00e3os. O presidente do INSS, Leonardo Rolim, destacou que mais de 5,3 milh\u00f5es de pessoas que n\u00e3o fizeram a prova da vida em 2020, em consequ\u00eancia do distanciamento social, agora podem cumprir essa obriga\u00e7\u00e3o &#8220;sem sair de casa&#8221;. Basta baixar o aplicativo, entrar no endere\u00e7o Meu INSS e o benefici\u00e1rio ser\u00e1 automaticamente transferido para fazer a prova de vida.<\/p>\n<p>A grande novidade \u00e9 a possibilidade de fazer a prova de vida usando apenas um aplicativo, o\u00a0<a class=\"external-link\" title=\"\" href=\"https:\/\/www.gov.br\/pt-br\/apps\/meu-gov.br\" target=\"_self\">meu gov.br<\/a>, e n\u00e3o mais dois aplicativos, incluindo o\u00a0<a class=\"external-link\" title=\"\" href=\"https:\/\/meu.inss.gov.br\/central\/#\/login?redirectUrl=\/\" target=\"_self\">Meu INSS<\/a>, como era antes. Desta forma, h\u00e1 simplifica\u00e7\u00e3o dos processos, para que os benefici\u00e1rios tenham maior facilidade para a f\u00e9 de vida por biometria facial. O Meu INSS deve ser usado pelo segurado para acompanhar o resultado da prova de vida ap\u00f3s realizar o procedimento.<\/p>\n<p>Vale destacar que, o benefici\u00e1rio que estiver com a prova de vida pendente, tamb\u00e9m ser\u00e1 notificado pelo\u00a0<a class=\"external-link\" title=\"\" href=\"https:\/\/meu.inss.gov.br\/central\/#\/login?redirectUrl=\/\" target=\"_self\">Meu INSS<\/a>\u00a0quando realizar o acesso. Desta forma, ser\u00e1 direcionado para proceder com a prova de vida por meio da biometria facial no aplicativo\u00a0<a class=\"external-link\" title=\"\" href=\"https:\/\/www.gov.br\/pt-br\/apps\/meu-gov.br\" target=\"_self\">meu gov.br<\/a>. Basta baixar o aplicativo nas lojas virtuais (<a class=\"external-link\" title=\"\" href=\"https:\/\/play.google.com\/store\/apps\/details?id=br.gov.meugovbr\" target=\"_self\">Meu Gov.br na Play Store<\/a>,\u00a0<a class=\"external-link\" title=\"\" href=\"https:\/\/apps.apple.com\/br\/app\/meu-gov-br\/id1506827551\" target=\"_self\">Meu Gov.br na App Store<\/a>) .<\/p>\n<p>\u00c9 importante destacar que a suspens\u00e3o do pagamento por falta da prova de vida, atualmente, est\u00e1 suspensa devido a pandemia do coronav\u00edrus. Mas caso o cidad\u00e3o n\u00e3o tenha acesso \u00e0 internet e a um smartphone, a prova de vida seguir\u00e1 sendo nas ag\u00eancias banc\u00e1rias.\u00a0\u00c9 necess\u00e1rio que o benefici\u00e1rio tenha um smartphone com c\u00e2mera frontal, para que a biometria facial seja feita.<\/p>\n<p>Para realizar a biometria facial, o INSS usar\u00e1 a base de dados do Departamento Nacional de Tr\u00e2nsito (Denatran) e do Tribunal Superior Eleitoral (TSE). O\u00a0INSS tamb\u00e9m atua em parceria com a Secretaria de Governo Digital (SGD) e a Dataprev, que far\u00e3o os ajustes necess\u00e1rios para que o procedimento digital possa ser implementado com seguran\u00e7a.<\/p>\n<p>A prova de vida \u00e9 obrigat\u00f3ria para os segurados do INSS que recebem seu benef\u00edcio por meio de conta-corrente, conta poupan\u00e7a ou cart\u00e3o magn\u00e9tico. Anualmente, os segurados devem comprovar que est\u00e3o vivos, como forma de dar mais seguran\u00e7a ao pr\u00f3prio cidad\u00e3o e ao Estado brasileiro, evitando fraudes e pagamentos indevidos de benef\u00edcios.<\/p>\n<p><strong>Como ser\u00e1?<\/strong><\/p>\n<p>A prova de vida digital ser\u00e1 feita por reconhecimento facial, com o uso da c\u00e2mera do celular do cidad\u00e3o, por meio do aplicativo do Meu INSS e do aplicativo do Governo Digital (Meu gov.br) que vai indicar se, de fato, trata-se da pessoa cujo CPF foi informado no cadastramento do INSS.<\/p>\n<p>\u00c9 importante destacar que, como se trata de um piloto, o \u00edcone para a prova de vida digital estar\u00e1 dispon\u00edvel no aplicativo do Meu INSS apenas para os benefici\u00e1rios selecionados e n\u00e3o para todos. Dessa forma, quem receber contato do INSS para participar do projeto ter\u00e1 acesso exclusivo ao servi\u00e7o.<\/p>\n<p><a href=\"https:\/\/www.gov.br\/inss\/pt-br\/assuntos\/noticias\/inss-inicia-projeto-piloto-de-prova-de-vida-digital\/provadevidaporbiometria_passoapasso2.pdf\">Confira o passo a passo.<\/a><\/p>\n<p><iframe loading=\"lazy\" title=\"INSS | Passo a passo da prova de vida por biometria facial\" width=\"1440\" height=\"810\" src=\"https:\/\/www.youtube.com\/embed\/2ieYg06OHjc?feature=oembed\" frameborder=\"0\" allow=\"accelerometer; autoplay; clipboard-write; encrypted-media; gyroscope; picture-in-picture; web-share\" referrerpolicy=\"strict-origin-when-cross-origin\" allowfullscreen><\/iframe><\/p>\n<p><strong>Como \u00e9 atualmente<\/strong><\/p>\n<p>Suspensa de mar\u00e7o de 2020, devido \u00e0s normas relacionadas \u00e0 pandemia, a prova de vida \u00e9 obrigat\u00f3ria para os segurados do INSS que recebem seu benef\u00edcio por meio de conta-corrente, conta poupan\u00e7a ou cart\u00e3o magn\u00e9tico. Anualmente, os segurados devem comprovar que est\u00e3o vivos, como forma de dar mais seguran\u00e7a ao pr\u00f3prio cidad\u00e3o e ao Estado brasileiro, evitando fraudes e pagamentos indevidos de benef\u00edcios.<\/p>\n<p>A comprova\u00e7\u00e3o costuma ser feita na institui\u00e7\u00e3o banc\u00e1ria em que o segurado recebe seu benef\u00edcio. Atualmente, o procedimento de prova de vida \u00e9 presencial, bastando o benefici\u00e1rio apresentar um documento de identifica\u00e7\u00e3o com foto (carteira de identidade, carteira de trabalho, carteira nacional de habilita\u00e7\u00e3o e outros) a um funcion\u00e1rio. Em algumas institui\u00e7\u00f5es banc\u00e1rias, esse procedimento j\u00e1 pode ser feito por meio da tecnologia de biometria direto nos terminais de autoatendimento.<\/p>\n<p>https:\/\/www.youtube.com\/watch?v=0QvfKJRGhP0<\/p>\n<p>&nbsp;<\/p>\n<p>&nbsp;<\/p>\n<p><strong>Como ser\u00e1 a prova de vida por biometria?<\/strong><\/p>\n<p>Com o uso do aplicativo do Governo Digital (Meu gov.br) o segurado enviar\u00e1 uma foto e ser\u00e1 feito o reconhecimento facial por meio de: 1) prova de vivacidade; e 2) prova de identidade. Ap\u00f3s essas duas etapas, o aplicativo indica se aquela pessoa \u00e9 de fato a pessoa do CPF informado no cadastramento.<\/p>\n<p>A prova de vivacidade \u00e9 efetuada da seguinte forma: o cidad\u00e3o \u00e9 orientado pelo aplicativo Meu gov.br a centralizar o rosto, virar o rosto para a direita, fechar os olhos, sorrir, virar novamente o rosto e fazer a captura da biometria atrav\u00e9s de foto. Seguindo esses passos, \u00e9 poss\u00edvel confirmar a vivacidade do cidad\u00e3o.<\/p>\n<p>A prova de identidade \u00e9 efetuada da seguinte maneira: caso a biometria do cidad\u00e3o a ser validada seja do TSE, ser\u00e1 necess\u00e1rio informar o n\u00famero do t\u00edtulo de eleitor e, caso a biometria seja do Denatran, ser\u00e1 necess\u00e1ria a Data de Emiss\u00e3o da Carteira de Habilita\u00e7\u00e3o.<\/p>\n<p><strong>Fique atento<\/strong><\/p>\n<p>Nesta nova etapa, os contatos com os segurados eleg\u00edveis j\u00e1 come\u00e7aram a ser realizados pelo INSS por meio de mensagens enviadas por SMS e-mail. Estes segurados, em sua maioria, j\u00e1 deveriam ter realizado o procedimento da prova de vida, ou tiveram o benef\u00edcio suspenso antes mesmo da pandemia, por falta da f\u00e9 de vida, portanto, \u00e9 importante que realizem o procedimento, se forem contatados pelo INSS.<\/p>\n<p>O remetente que enviar\u00e1 o SMS ser\u00e1 identificado como 280-41. Por isso \u00e9 importante ficar atento. Qualquer mensagem sobre prova de vida que n\u00e3o tenha esse n\u00famero deve ser desconsiderada, pois n\u00e3o foi enviada pelo INSS. Caso o cidad\u00e3o que tenha sido notificado tenha alguma d\u00favida, ele poder\u00e1 ligar no 135, o telefone oficial do INSS para ter mais informa\u00e7\u00f5es.<\/p>\n<p>&nbsp;<\/p>\n","protected":false},"excerpt":{"rendered":"<p>O governo anunciou hoje que a prova de vida para aposentados e pensionistas &#8211; que j\u00e1 tinha sido suspensa durante a pandemia &#8211; s\u00f3 vai recome\u00e7ar em maio. Ou seja, quem n\u00e3o fez o procedimento, n\u00e3o ter\u00e1 o benef\u00edcio suspenso. A not\u00edcia foi dada nesta manh\u00e3 em conjunto com a divulga\u00e7\u00e3o da prova de vida online, antes um projeto-piloto, que [&hellip;]<\/p>\n","protected":false},"author":27,"featured_media":0,"comment_status":"open","ping_status":"closed","sticky":false,"template":"","format":"standard","meta":{"footnotes":""},"categories":[2719],"tags":[345,3787,1975,2197,17350,11,12434,4658,17255,346,16078],"class_list":["post-19115","post","type-post","status-publish","format-standard","hentry","category-servidor","tag-aposentados","tag-banco","tag-casa","tag-celular","tag-distanciamento-social","tag-inss","tag-meu-inss","tag-online","tag-pandemia","tag-pensionistas","tag-prova-de-vida"],"_links":{"self":[{"href":"https:\/\/blogs.correiobraziliense.com.br\/servidor\/wp-json\/wp\/v2\/posts\/19115","targetHints":{"allow":["GET"]}}],"collection":[{"href":"https:\/\/blogs.correiobraziliense.com.br\/servidor\/wp-json\/wp\/v2\/posts"}],"about":[{"href":"https:\/\/blogs.correiobraziliense.com.br\/servidor\/wp-json\/wp\/v2\/types\/post"}],"author":[{"embeddable":true,"href":"https:\/\/blogs.correiobraziliense.com.br\/servidor\/wp-json\/wp\/v2\/users\/27"}],"replies":[{"embeddable":true,"href":"https:\/\/blogs.correiobraziliense.com.br\/servidor\/wp-json\/wp\/v2\/comments?post=19115"}],"version-history":[{"count":5,"href":"https:\/\/blogs.correiobraziliense.com.br\/servidor\/wp-json\/wp\/v2\/posts\/19115\/revisions"}],"predecessor-version":[{"id":19121,"href":"https:\/\/blogs.correiobraziliense.com.br\/servidor\/wp-json\/wp\/v2\/posts\/19115\/revisions\/19121"}],"wp:attachment":[{"href":"https:\/\/blogs.correiobraziliense.com.br\/servidor\/wp-json\/wp\/v2\/media?parent=19115"}],"wp:term":[{"taxonomy":"category","embeddable":true,"href":"https:\/\/blogs.correiobraziliense.com.br\/servidor\/wp-json\/wp\/v2\/categories?post=19115"},{"taxonomy":"post_tag","embeddable":true,"href":"https:\/\/blogs.correiobraziliense.com.br\/servidor\/wp-json\/wp\/v2\/tags?post=19115"}],"curies":[{"name":"wp","href":"https:\/\/api.w.org\/{rel}","templated":true}]}}