{"id":19101,"date":"2021-02-22T12:57:26","date_gmt":"2021-02-22T15:57:26","guid":{"rendered":"https:\/\/blogs.correiobraziliense.com.br\/servidor\/?p=19101"},"modified":"2021-02-22T12:58:09","modified_gmt":"2021-02-22T15:58:09","slug":"procuradores-do-trabalho-condenados-por-assedio-moral-no-rs","status":"publish","type":"post","link":"https:\/\/blogs.correiobraziliense.com.br\/servidor\/procuradores-do-trabalho-condenados-por-assedio-moral-no-rs\/","title":{"rendered":"Procuradores do Trabalho condenados por ass\u00e9dio moral no RS"},"content":{"rendered":"<p><em><strong>Durante a 1\u00aa Sess\u00e3o Ordin\u00e1ria de 2021 do Conselho Nacional do Minist\u00e9rio P\u00fablico (CNMP), o Plen\u00e1rio aplicou pena de suspens\u00e3o por 90 dias, sem remunera\u00e7\u00e3o, aos procuradores do Trabalho Fernanda Alitta Moreira e Roberto Portela, do munic\u00edpio de Santo \u00c2ngelo, no Rio Grande do Sul. Amanh\u00e3, o CNMP decide sobre a remo\u00e7\u00e3o de ambos daquela procuradoria<\/strong><\/em><\/p>\n<p><img loading=\"lazy\" decoding=\"async\" class=\"alignright size-full wp-image-19102\" src=\"https:\/\/blogs.correiobraziliense.com.br\/servidor\/wp-content\/uploads\/sites\/10\/2021\/02\/ass\u00e9dio-moral.png\" alt=\"\" width=\"499\" height=\"354\" srcset=\"https:\/\/blogs.correiobraziliense.com.br\/servidor\/wp-content\/uploads\/sites\/10\/2021\/02\/ass\u00e9dio-moral.png 499w, https:\/\/blogs.correiobraziliense.com.br\/servidor\/wp-content\/uploads\/sites\/10\/2021\/02\/ass\u00e9dio-moral-300x213.png 300w, https:\/\/blogs.correiobraziliense.com.br\/servidor\/wp-content\/uploads\/sites\/10\/2021\/02\/ass\u00e9dio-moral-230x163.png 230w\" sizes=\"auto, (max-width: 499px) 100vw, 499px\" \/><\/p>\n<p>Casa de ferreiro, espeto de pau. O relator do processo destacou que os fatos que configuraram o ass\u00e9dio moral na Procuradoria de Santo \u00c2ngelo tomam uma propor\u00e7\u00e3o ainda maior porque &#8220;paradoxalmente, foram praticados dos membros do Minist\u00e9rio P\u00fablico, aos quais \u00e9 confiada a especial miss\u00e3o de enfrentamento de ass\u00e9dio moral organizacional&#8221;.<\/p>\n<p>O processo est\u00e1 em segredo de Justi\u00e7a, mas servidores relatam que eram perseguidos pelos dois procuradores. Eles faziam fazer avalia\u00e7\u00f5es ruins e sem crit\u00e9rio daqueles que eles por algum motivo n\u00e3o gostavam, isolavam propositalmente alguns funcion\u00e1rios, e chegaram a colocar pessoas de sua confian\u00e7a para gravar conversas de subordinados, dentro da Procuradoria.<\/p>\n<p>Adriel Gael, presidente do Sindicato Nacional dos Servidores do MPU, CNMP e ESMPU (SindMPU), considera uma vit\u00f3ria para a categoria. &#8220;Al\u00e9m de ser muito dif\u00edcil comprovar o ass\u00e9dio moral, os procuradores s\u00e3o muito empoderados e nem sempre o resultado de julgamentos reflete a dimens\u00e3o de seus atos&#8221;, explicou.\u00a0 atua e pena de suspens\u00e3o \u00e9 aplicada a procuradores do trabalho de Santo \u00c2ngelo.<\/p>\n<p>A condena\u00e7\u00e3o do ass\u00e9dio foi a primeira parte do processo. Para os conselheiros do MPU, a atua\u00e7\u00e3o sistem\u00e1tica dos procuradores causaram n\u00e3o apenas adoecimento dos servidores, mas tamb\u00e9m degrada\u00e7\u00e3o do ambiente laboral.<\/p>\n<p>Na segunda parte do julgamento, os conselheiros entenderam que os atos praticados pelos procuradores do trabalho caracterizam improbidade administrativa, j\u00e1 que v\u00e3o contra os princ\u00edpios da Administra\u00e7\u00e3o P\u00fablica, seguindo o voto do relator, Luciano Maia, que aplicou a pena de remo\u00e7\u00e3o aos acusados.<\/p>\n<p>O julgamento da remo\u00e7\u00e3o por Interesse p\u00fablico (RIP) n\u00ba 1.00005\/2019-13 foi adiado com o pedido de vista pelo conselheiro Sebasti\u00e3o Caixeta e o corregedor nacional do Minist\u00e9rio P\u00fablico, Rinaldo Reis para que haja uma melhor an\u00e1lise dos fatos.<\/p>\n<p>&#8220;O SindMPU considera uma vit\u00f3ria importante a resolu\u00e7\u00e3o deste caso, e espera que a remo\u00e7\u00e3o dos procuradores seja concretizada ap\u00f3s a rean\u00e1lise pelos conselheiros que pediram vista dos autos, e orienta a todos os servidores do MPU que ao sofrerem ass\u00e9dio moral, sexual ou psicol\u00f3gico no ambiente de trabalho procurem o sindicato&#8221;, orienta a entidade.<\/p>\n<p><strong>Decis\u00e3o un\u00e2nime<\/strong><\/p>\n<p>A decis\u00e3o foi proferida no Processo Administrativo Disciplinar (PAD) n\u00ba 1.00383\/2019-89, que trata de ass\u00e9dio moral praticado pelos acusados contra servidores, estagi\u00e1rios e funcion\u00e1rios terceirizados lotados na procuradoria do trabalho de Santo \u00c2ngelo. A delibera\u00e7\u00e3o foi un\u00e2nime por parte do conselho.<\/p>\n<p>&#8220;O diretor de pol\u00edtica e assessoramento parlamentar, Rodolfo Vale acompanhou a sess\u00e3o, juntamente com F\u00e1bio Estilac, a sustenta\u00e7\u00e3o oral foi feita pelo dr. Rodrigo Vicente, que comp\u00f5e a banca de advogados do Estillac e Rocha Advogados, que presta assessoria jur\u00eddica para o SindMPU. A seccional do Rio Grande do Sul tamb\u00e9m foi de suma import\u00e2ncia, com a contribui\u00e7\u00e3o do Diretor Executivo Lu\u00eds Alberto Bauer.<\/p>\n<p>&#8220;A presen\u00e7a do sindicato foi determinante na defesa dos interesses dos servidores afetados por uma situa\u00e7\u00e3o degradante que atinge diretamente a dignidade da pessoa humana. Ademais, o Sindicato acompanhou de perto todos os tr\u00e2mites do processo com o objetivo de auxiliar e alcan\u00e7ar o melhor desfecho para aqueles que foram prejudicados&#8221;, afirma a nota.<\/p>\n<p><em>Ilustra\u00e7\u00e3o: TRT4<\/em><\/p>\n","protected":false},"excerpt":{"rendered":"<p>Durante a 1\u00aa Sess\u00e3o Ordin\u00e1ria de 2021 do Conselho Nacional do Minist\u00e9rio P\u00fablico (CNMP), o Plen\u00e1rio aplicou pena de suspens\u00e3o por 90 dias, sem remunera\u00e7\u00e3o, aos procuradores do Trabalho Fernanda Alitta Moreira e Roberto Portela, do munic\u00edpio de Santo \u00c2ngelo, no Rio Grande do Sul. Amanh\u00e3, o CNMP decide sobre a remo\u00e7\u00e3o de ambos daquela procuradoria Casa de ferreiro, espeto [&hellip;]<\/p>\n","protected":false},"author":27,"featured_media":0,"comment_status":"open","ping_status":"closed","sticky":false,"template":"","format":"standard","meta":{"footnotes":""},"categories":[2719],"tags":[915,7143,1049,4267,3764,5533,10326,1949,1391,3695,1235,3169,995,18774,18340,261],"class_list":["post-19101","post","type-post","status-publish","format-standard","hentry","category-servidor","tag-assedio-moral","tag-cnmp","tag-condenados","tag-conselheiros","tag-corregedor","tag-fatos","tag-improbidade-administrativa","tag-julgamento","tag-pad","tag-pena","tag-procuradores","tag-relator","tag-remocao","tag-rip","tag-sindmpu","tag-trabalho"],"_links":{"self":[{"href":"https:\/\/blogs.correiobraziliense.com.br\/servidor\/wp-json\/wp\/v2\/posts\/19101","targetHints":{"allow":["GET"]}}],"collection":[{"href":"https:\/\/blogs.correiobraziliense.com.br\/servidor\/wp-json\/wp\/v2\/posts"}],"about":[{"href":"https:\/\/blogs.correiobraziliense.com.br\/servidor\/wp-json\/wp\/v2\/types\/post"}],"author":[{"embeddable":true,"href":"https:\/\/blogs.correiobraziliense.com.br\/servidor\/wp-json\/wp\/v2\/users\/27"}],"replies":[{"embeddable":true,"href":"https:\/\/blogs.correiobraziliense.com.br\/servidor\/wp-json\/wp\/v2\/comments?post=19101"}],"version-history":[{"count":2,"href":"https:\/\/blogs.correiobraziliense.com.br\/servidor\/wp-json\/wp\/v2\/posts\/19101\/revisions"}],"predecessor-version":[{"id":19104,"href":"https:\/\/blogs.correiobraziliense.com.br\/servidor\/wp-json\/wp\/v2\/posts\/19101\/revisions\/19104"}],"wp:attachment":[{"href":"https:\/\/blogs.correiobraziliense.com.br\/servidor\/wp-json\/wp\/v2\/media?parent=19101"}],"wp:term":[{"taxonomy":"category","embeddable":true,"href":"https:\/\/blogs.correiobraziliense.com.br\/servidor\/wp-json\/wp\/v2\/categories?post=19101"},{"taxonomy":"post_tag","embeddable":true,"href":"https:\/\/blogs.correiobraziliense.com.br\/servidor\/wp-json\/wp\/v2\/tags?post=19101"}],"curies":[{"name":"wp","href":"https:\/\/api.w.org\/{rel}","templated":true}]}}