{"id":19099,"date":"2021-02-20T20:49:32","date_gmt":"2021-02-20T23:49:32","guid":{"rendered":"https:\/\/blogs.correiobraziliense.com.br\/servidor\/?p=19099"},"modified":"2021-02-20T20:49:32","modified_gmt":"2021-02-20T23:49:32","slug":"sindilegis-quer-endurecimento-de-medidas-sanitarias-para-resguardar-servidores-contra-o-coronavirus","status":"publish","type":"post","link":"https:\/\/blogs.correiobraziliense.com.br\/servidor\/sindilegis-quer-endurecimento-de-medidas-sanitarias-para-resguardar-servidores-contra-o-coronavirus\/","title":{"rendered":"Sindilegis quer endurecimento de medidas sanit\u00e1rias para resguardar servidores contra o coronav\u00edrus"},"content":{"rendered":"<p><em><strong>Em of\u00edcio, Sindicato alerta para as novas muta\u00e7\u00f5es do coronav\u00edrus, ainda mais contagiosas e letais, e para o crescente n\u00famero de mortes em virtude da doen\u00e7a, e afirma que n\u00e3o \u00e9 o momento ideal para retorno ao trabalho presencial. E pede que o trabalho remoto seja mantido at\u00e9 que parlamentares, servidores, terceirizados e colaboradores sejam vacinados<\/strong><\/em><\/p>\n<p><img loading=\"lazy\" decoding=\"async\" class=\"alignright size-full wp-image-18787\" src=\"https:\/\/blogs.correiobraziliense.com.br\/servidor\/wp-content\/uploads\/sites\/10\/2021\/01\/banner-coronavirus-home.png\" alt=\"\" width=\"575\" height=\"250\" srcset=\"https:\/\/blogs.correiobraziliense.com.br\/servidor\/wp-content\/uploads\/sites\/10\/2021\/01\/banner-coronavirus-home.png 575w, https:\/\/blogs.correiobraziliense.com.br\/servidor\/wp-content\/uploads\/sites\/10\/2021\/01\/banner-coronavirus-home-300x130.png 300w, https:\/\/blogs.correiobraziliense.com.br\/servidor\/wp-content\/uploads\/sites\/10\/2021\/01\/banner-coronavirus-home-550x239.png 550w, https:\/\/blogs.correiobraziliense.com.br\/servidor\/wp-content\/uploads\/sites\/10\/2021\/01\/banner-coronavirus-home-230x100.png 230w\" sizes=\"auto, (max-width: 575px) 100vw, 575px\" \/><\/p>\n<p>O Sindicato dos Servidores do Poder Legislativo Federal e do Tribunal de Contas da Uni\u00e3o (Sindilegis) encaminhou por e-mail na sexta-feira (19) &#8211; e vai protocolar na segunda pela manh\u00e3 (22) &#8211; mais um of\u00edcio ao presidente da C\u00e2mara dos Deputados, Deputado Arthur Lira (PP-AL), refor\u00e7ando preocupa\u00e7\u00e3o quanto ao retorno presencial dos servidores determinado por Ato da Mesa Diretora e solicita a \u201cado\u00e7\u00e3o imediata, com amplo detalhamento, exaustiva divulga\u00e7\u00e3o e r\u00edgida fiscaliza\u00e7\u00e3o\u201d, dos protocolos de biosseguran\u00e7a a serem observados na Casa.<\/p>\n<p>No documento, o Sindilegis ressalta que o trabalho desempenhado pelos servidores do Legislativo foi mantido desde o momento em que a pandemia teve in\u00edcio, sendo, inclusive, elogiado pelas r\u00e1pidas solu\u00e7\u00f5es apresentadas, de maneira digital, para dar andamento aos trabalhos. Al\u00e9m disso, o Of\u00edcio n\u00b0 27\/21 refor\u00e7a que o n\u00famero de novos casos no Distrito Federal cresceu quase 11%, atingindo a marca de 287.365 infectados e 4.728 mortes, contra apenas 114.471 pessoas vacinadas, de acordo com dados da Secretaria de Sa\u00fade do DF.<\/p>\n<p>\u201cDezenas de servidores, terceirizados e at\u00e9 mesmo parlamentares foram diagnosticados com covid-19 nas \u00faltimas semanas. O Sindilegis tem sido procurado por seus filiados, bem como por familiares de trabalhadores da Casa que foram hospitalizados em decorr\u00eancia da infec\u00e7\u00e3o, solicitando nossa interven\u00e7\u00e3o\u201d, refor\u00e7a o documento assinado pelo presidente Alison Souza.<\/p>\n<p>Para dar encaminhamento ao pedido, o Sindilegis j\u00e1 se reuniu com o 1\u00ba vice-presidente da C\u00e2mara, deputado Marcelo Ramos (PL-AM), e com o novo diretor-geral da Casa, Celso de Barros Correia Neto. Uma c\u00f3pia do of\u00edcio tamb\u00e9m ser\u00e1 encaminhada ao Minist\u00e9rio P\u00fablico do Trabalho (MPT).<\/p>\n<p>Nos casos em que se fizer necess\u00e1ria a presen\u00e7a f\u00edsica do servidor, o Sindicato solicita que a C\u00e2mara adote uma s\u00e9rie de mudan\u00e7as para resguardar a sa\u00fade e seguran\u00e7a dos servidores, como fornecimento de equipamentos de seguran\u00e7a individual (EPI); aferimento de temperatura corporal no acesso \u00e0s depend\u00eancias da C\u00e2mara, bem como nos ambientes de maior circula\u00e7\u00e3o e de aglomera\u00e7\u00e3o de pessoas, como os plen\u00e1rios; regulamenta\u00e7\u00e3o do uso do sistema de ar condicionado, dentre outras.<\/p>\n<p>Veja o of\u00edcio.<\/p>\n","protected":false},"excerpt":{"rendered":"<p>Em of\u00edcio, Sindicato alerta para as novas muta\u00e7\u00f5es do coronav\u00edrus, ainda mais contagiosas e letais, e para o crescente n\u00famero de mortes em virtude da doen\u00e7a, e afirma que n\u00e3o \u00e9 o momento ideal para retorno ao trabalho presencial. E pede que o trabalho remoto seja mantido at\u00e9 que parlamentares, servidores, terceirizados e colaboradores sejam vacinados O Sindicato dos Servidores [&hellip;]<\/p>\n","protected":false},"author":27,"featured_media":0,"comment_status":"open","ping_status":"closed","sticky":false,"template":"","format":"standard","meta":{"footnotes":""},"categories":[2719],"tags":[10474,16896,17256,14577,10,1578,5039,8133,1788,7472,10471,58,634,635,261,6104],"class_list":["post-19099","post","type-post","status-publish","format-standard","hentry","category-servidor","tag-contaminacao","tag-coronavirus","tag-covid-19","tag-endurecimento","tag-legislativo","tag-medidas","tag-mortes","tag-oficio","tag-presencial","tag-remoto","tag-sanitarias","tag-servidores","tag-sindilegis","tag-tcu","tag-trabalho","tag-vacina"],"_links":{"self":[{"href":"https:\/\/blogs.correiobraziliense.com.br\/servidor\/wp-json\/wp\/v2\/posts\/19099","targetHints":{"allow":["GET"]}}],"collection":[{"href":"https:\/\/blogs.correiobraziliense.com.br\/servidor\/wp-json\/wp\/v2\/posts"}],"about":[{"href":"https:\/\/blogs.correiobraziliense.com.br\/servidor\/wp-json\/wp\/v2\/types\/post"}],"author":[{"embeddable":true,"href":"https:\/\/blogs.correiobraziliense.com.br\/servidor\/wp-json\/wp\/v2\/users\/27"}],"replies":[{"embeddable":true,"href":"https:\/\/blogs.correiobraziliense.com.br\/servidor\/wp-json\/wp\/v2\/comments?post=19099"}],"version-history":[{"count":1,"href":"https:\/\/blogs.correiobraziliense.com.br\/servidor\/wp-json\/wp\/v2\/posts\/19099\/revisions"}],"predecessor-version":[{"id":19100,"href":"https:\/\/blogs.correiobraziliense.com.br\/servidor\/wp-json\/wp\/v2\/posts\/19099\/revisions\/19100"}],"wp:attachment":[{"href":"https:\/\/blogs.correiobraziliense.com.br\/servidor\/wp-json\/wp\/v2\/media?parent=19099"}],"wp:term":[{"taxonomy":"category","embeddable":true,"href":"https:\/\/blogs.correiobraziliense.com.br\/servidor\/wp-json\/wp\/v2\/categories?post=19099"},{"taxonomy":"post_tag","embeddable":true,"href":"https:\/\/blogs.correiobraziliense.com.br\/servidor\/wp-json\/wp\/v2\/tags?post=19099"}],"curies":[{"name":"wp","href":"https:\/\/api.w.org\/{rel}","templated":true}]}}