{"id":19027,"date":"2021-02-10T12:23:51","date_gmt":"2021-02-10T15:23:51","guid":{"rendered":"https:\/\/blogs.correiobraziliense.com.br\/servidor\/?p=19027"},"modified":"2021-02-10T12:23:51","modified_gmt":"2021-02-10T15:23:51","slug":"fenae-e-contraf-vao-a-mpt-para-tratar-de-perseguicoes-a-bancarios-da-caixa","status":"publish","type":"post","link":"https:\/\/blogs.correiobraziliense.com.br\/servidor\/fenae-e-contraf-vao-a-mpt-para-tratar-de-perseguicoes-a-bancarios-da-caixa\/","title":{"rendered":"Fenae e Contraf v\u00e3o a MPT para tratar de &#8220;persegui\u00e7\u00f5es a banc\u00e1rios da Caixa&#8221;"},"content":{"rendered":"<p><em><strong>Federa\u00e7\u00e3o Nacional das Associa\u00e7\u00f5es do Pessoal da Caixa Econ\u00f4mica Federal (Fenae) aponta que mudan\u00e7as s\u00e3o impostas em processo de reestrutura\u00e7\u00e3o do banco, sem planejamento. \u201cS\u00e3o medidas discriminat\u00f3rias e gerou p\u00e2nico e inseguran\u00e7a entre os trabalhadores\u201d, afirma Fenae.\u00a0O MPT deu um prazo de 30 dias para que o banco apresente todas as informa\u00e7\u00f5es solicitadas<\/p>\n<p><\/strong><\/em><\/p>\n<p><img loading=\"lazy\" decoding=\"async\" class=\"alignright size-full wp-image-18700\" src=\"https:\/\/blogs.correiobraziliense.com.br\/servidor\/wp-content\/uploads\/sites\/10\/2021\/01\/caixa-160-anos.jpg\" alt=\"\" width=\"600\" height=\"400\" srcset=\"https:\/\/blogs.correiobraziliense.com.br\/servidor\/wp-content\/uploads\/sites\/10\/2021\/01\/caixa-160-anos.jpg 600w, https:\/\/blogs.correiobraziliense.com.br\/servidor\/wp-content\/uploads\/sites\/10\/2021\/01\/caixa-160-anos-300x200.jpg 300w, https:\/\/blogs.correiobraziliense.com.br\/servidor\/wp-content\/uploads\/sites\/10\/2021\/01\/caixa-160-anos-550x367.jpg 550w, https:\/\/blogs.correiobraziliense.com.br\/servidor\/wp-content\/uploads\/sites\/10\/2021\/01\/caixa-160-anos-230x153.jpg 230w\" sizes=\"auto, (max-width: 600px) 100vw, 600px\" \/><\/p>\n<p>A Federa\u00e7\u00e3o Nacional das Associa\u00e7\u00f5es do Pessoal da Caixa Econ\u00f4mica Federal (Fenae) e a Confedera\u00e7\u00e3o Nacional dos Trabalhadores do Ramo Financeiro (Contraf-CUT) participaram da primeira audi\u00eancia com o Minist\u00e9rio P\u00fablico do Trabalho (MPT) para tratar de persegui\u00e7\u00f5es a empregados registradas ao longo da reestrutura\u00e7\u00e3o imposta pelo banco. &#8220;Os fatos v\u00eam sendo denunciados por banc\u00e1rios de diferentes locais do pa\u00eds&#8221;, denuncia\u00a0 Fenae.<\/p>\n<p>Participaram da reuni\u00e3o no MPT, nesta segunda-feira (8), o vice-presidente da Fenae, Marcos Saraiva, e a secret\u00e1ria da Cultura da Contraf-CUT e coordenadora da Comiss\u00e3o Executiva dos Empregados (CEE\/Caixa), Fabiana Uehara, al\u00e9m de tr\u00eas representantes da Caixa. De acordo com Saraiva, as entidades sindicais t\u00eam cobrado posicionamento da empresa sobre a transfer\u00eancia arbitr\u00e1ria dos trabalhadores.<\/p>\n<p>\u201cEssa audi\u00eancia foi importante para informarmos ao Minist\u00e9rio P\u00fablico sobre o que est\u00e1 ocorrendo. N\u00e3o houve um aviso formal do banco comunicando a medida e nem tempo razo\u00e1vel para que os empregados pudessem entender o que estava acontecendo\u201d, observa. \u201cA medida gerou p\u00e2nico e inseguran\u00e7a entre os trabalhadores\u201d, acrescenta o vice-presidente da Fenae.<\/p>\n<p>Os representantes da Caixa disseram que a medida tem o objetivo de refor\u00e7ar algumas \u00e1reas da empresa em decorr\u00eancia da pandemia da covid-19. O MPT deu um prazo de 30 dias para que o banco apresente todas as informa\u00e7\u00f5es solicitadas. A partir da\u00ed, o Minist\u00e9rio P\u00fablico do Trabalho definir\u00e1 os pr\u00f3ximos desdobramentos.<\/p>\n<p><strong>Sem planejamento<\/strong><\/p>\n<p>Durante a audi\u00eancia, a Fenae e a Contraf refor\u00e7aram que as mudan\u00e7as v\u00eam sendo impostas sem planejamento. &#8220;Falamos sobre as den\u00fancias de persegui\u00e7\u00f5es. S\u00e3o medidas discriminat\u00f3rias que v\u00eam sendo tomadas em situa\u00e7\u00f5es de realoca\u00e7\u00e3o de trabalhadores incorporados e aposentados e tamb\u00e9m em rela\u00e7\u00e3o \u00e0queles que est\u00e3o pr\u00f3ximos de se aposentar&#8221;, destaca Fabiana Uehara.<\/p>\n<p>A coordenadora da CEE\/Caixa ressaltou que os representantes dos empregados reconhecem a necessidade de refor\u00e7o em ag\u00eancias; mas, que \u00e9 preciso dialogar com os trabalhadores e dar transpar\u00eancia \u00e0s a\u00e7\u00f5es. &#8220;Existe um Acordo Coletivo que prev\u00ea a negocia\u00e7\u00e3o com os empregados antes de mudan\u00e7as como essas. E n\u00e3o houve informa\u00e7\u00f5es sobre isso&#8221;, emenda Uehara.<\/p>\n<p>Somada \u00e0 desocupa\u00e7\u00e3o de 170 im\u00f3veis, a reestrutura\u00e7\u00e3o abrange \u00e1reas ligadas \u00e0s vice-presid\u00eancias Rede de Varejo (Vired), Tecnologia e Digital (Vitec) e Log\u00edstica e Opera\u00e7\u00f5es (Vilop), al\u00e9m de ger\u00eancias como as de Tecnologia (Gitec), de Log\u00edstica (Gilog), de Seguran\u00e7a (Giseg) e de Aliena\u00e7\u00e3o de Bens M\u00f3veis e Im\u00f3veis (Gilie), com filiais que devem ser extintas e parte das atividades transferidas para novas centrais.<\/p>\n","protected":false},"excerpt":{"rendered":"<p>Federa\u00e7\u00e3o Nacional das Associa\u00e7\u00f5es do Pessoal da Caixa Econ\u00f4mica Federal (Fenae) aponta que mudan\u00e7as s\u00e3o impostas em processo de reestrutura\u00e7\u00e3o do banco, sem planejamento. \u201cS\u00e3o medidas discriminat\u00f3rias e gerou p\u00e2nico e inseguran\u00e7a entre os trabalhadores\u201d, afirma Fenae.\u00a0O MPT deu um prazo de 30 dias para que o banco apresente todas as informa\u00e7\u00f5es solicitadas A Federa\u00e7\u00e3o Nacional das Associa\u00e7\u00f5es do Pessoal [&hellip;]<\/p>\n","protected":false},"author":27,"featured_media":0,"comment_status":"open","ping_status":"closed","sticky":false,"template":"","format":"standard","meta":{"footnotes":""},"categories":[2719],"tags":[192,1013,1149,15783,16335,3471,3474,376,11751,3,1376],"class_list":["post-19027","post","type-post","status-publish","format-standard","hentry","category-servidor","tag-audiencia","tag-bancarios","tag-caixa","tag-contraf","tag-fenae","tag-inseguranca","tag-mpt","tag-mudancas","tag-perseguicoes","tag-planejamento","tag-reestruturacao"],"_links":{"self":[{"href":"https:\/\/blogs.correiobraziliense.com.br\/servidor\/wp-json\/wp\/v2\/posts\/19027","targetHints":{"allow":["GET"]}}],"collection":[{"href":"https:\/\/blogs.correiobraziliense.com.br\/servidor\/wp-json\/wp\/v2\/posts"}],"about":[{"href":"https:\/\/blogs.correiobraziliense.com.br\/servidor\/wp-json\/wp\/v2\/types\/post"}],"author":[{"embeddable":true,"href":"https:\/\/blogs.correiobraziliense.com.br\/servidor\/wp-json\/wp\/v2\/users\/27"}],"replies":[{"embeddable":true,"href":"https:\/\/blogs.correiobraziliense.com.br\/servidor\/wp-json\/wp\/v2\/comments?post=19027"}],"version-history":[{"count":1,"href":"https:\/\/blogs.correiobraziliense.com.br\/servidor\/wp-json\/wp\/v2\/posts\/19027\/revisions"}],"predecessor-version":[{"id":19028,"href":"https:\/\/blogs.correiobraziliense.com.br\/servidor\/wp-json\/wp\/v2\/posts\/19027\/revisions\/19028"}],"wp:attachment":[{"href":"https:\/\/blogs.correiobraziliense.com.br\/servidor\/wp-json\/wp\/v2\/media?parent=19027"}],"wp:term":[{"taxonomy":"category","embeddable":true,"href":"https:\/\/blogs.correiobraziliense.com.br\/servidor\/wp-json\/wp\/v2\/categories?post=19027"},{"taxonomy":"post_tag","embeddable":true,"href":"https:\/\/blogs.correiobraziliense.com.br\/servidor\/wp-json\/wp\/v2\/tags?post=19027"}],"curies":[{"name":"wp","href":"https:\/\/api.w.org\/{rel}","templated":true}]}}