{"id":19021,"date":"2021-02-10T10:55:41","date_gmt":"2021-02-10T13:55:41","guid":{"rendered":"https:\/\/blogs.correiobraziliense.com.br\/servidor\/?p=19021"},"modified":"2021-02-10T10:57:42","modified_gmt":"2021-02-10T13:57:42","slug":"aprovados-de-concurso-do-mpu-fazem-manifestacao-em-frente-a-pgr","status":"publish","type":"post","link":"https:\/\/blogs.correiobraziliense.com.br\/servidor\/aprovados-de-concurso-do-mpu-fazem-manifestacao-em-frente-a-pgr\/","title":{"rendered":"Aprovados de concurso do MPU fazem manifesta\u00e7\u00e3o em frente \u00e0 PGR"},"content":{"rendered":"<p><em><strong>Comiss\u00e3o de aprovados em concurso para o Minist\u00e9rio P\u00fablico, em 2018, protesta contra a n\u00e3o convoca\u00e7\u00e3o de aprovado. Menos 3% foram chamados. Segundo a organiza\u00e7\u00e3o o evento, o \u00f3rg\u00e3o conta com 1.803 cargos vagos e o certame j\u00e1 foi homologado h\u00e1 dois anos. A manifesta\u00e7\u00e3o acontecer\u00e1 a partir das 11 horas.<\/strong><\/em><\/p>\n<p><img loading=\"lazy\" decoding=\"async\" class=\"alignright size-large wp-image-19022\" src=\"https:\/\/blogs.correiobraziliense.com.br\/servidor\/wp-content\/uploads\/sites\/10\/2021\/02\/aprovados-MPU-1024x768.jpg\" alt=\"\" width=\"1024\" height=\"768\" srcset=\"https:\/\/blogs.correiobraziliense.com.br\/servidor\/wp-content\/uploads\/sites\/10\/2021\/02\/aprovados-MPU.jpg 1024w, https:\/\/blogs.correiobraziliense.com.br\/servidor\/wp-content\/uploads\/sites\/10\/2021\/02\/aprovados-MPU-300x225.jpg 300w, https:\/\/blogs.correiobraziliense.com.br\/servidor\/wp-content\/uploads\/sites\/10\/2021\/02\/aprovados-MPU-768x576.jpg 768w, https:\/\/blogs.correiobraziliense.com.br\/servidor\/wp-content\/uploads\/sites\/10\/2021\/02\/aprovados-MPU-800x600.jpg 800w, https:\/\/blogs.correiobraziliense.com.br\/servidor\/wp-content\/uploads\/sites\/10\/2021\/02\/aprovados-MPU-550x413.jpg 550w, https:\/\/blogs.correiobraziliense.com.br\/servidor\/wp-content\/uploads\/sites\/10\/2021\/02\/aprovados-MPU-230x173.jpg 230w\" sizes=\"auto, (max-width: 1024px) 100vw, 1024px\" \/><\/p>\n","protected":false},"excerpt":{"rendered":"<p>Comiss\u00e3o de aprovados em concurso para o Minist\u00e9rio P\u00fablico, em 2018, protesta contra a n\u00e3o convoca\u00e7\u00e3o de aprovado. Menos 3% foram chamados. Segundo a organiza\u00e7\u00e3o o evento, o \u00f3rg\u00e3o conta com 1.803 cargos vagos e o certame j\u00e1 foi homologado h\u00e1 dois anos. A manifesta\u00e7\u00e3o acontecer\u00e1 a partir das 11 horas.<\/p>\n","protected":false},"author":27,"featured_media":0,"comment_status":"open","ping_status":"closed","sticky":false,"template":"","format":"standard","meta":{"footnotes":""},"categories":[2719],"tags":[234,791,93,1151,2788,548,5267],"class_list":["post-19021","post","type-post","status-publish","format-standard","hentry","category-servidor","tag-aprovados","tag-cargos","tag-concurso","tag-manifestacao","tag-mpu","tag-pgr","tag-vagos"],"_links":{"self":[{"href":"https:\/\/blogs.correiobraziliense.com.br\/servidor\/wp-json\/wp\/v2\/posts\/19021","targetHints":{"allow":["GET"]}}],"collection":[{"href":"https:\/\/blogs.correiobraziliense.com.br\/servidor\/wp-json\/wp\/v2\/posts"}],"about":[{"href":"https:\/\/blogs.correiobraziliense.com.br\/servidor\/wp-json\/wp\/v2\/types\/post"}],"author":[{"embeddable":true,"href":"https:\/\/blogs.correiobraziliense.com.br\/servidor\/wp-json\/wp\/v2\/users\/27"}],"replies":[{"embeddable":true,"href":"https:\/\/blogs.correiobraziliense.com.br\/servidor\/wp-json\/wp\/v2\/comments?post=19021"}],"version-history":[{"count":4,"href":"https:\/\/blogs.correiobraziliense.com.br\/servidor\/wp-json\/wp\/v2\/posts\/19021\/revisions"}],"predecessor-version":[{"id":19026,"href":"https:\/\/blogs.correiobraziliense.com.br\/servidor\/wp-json\/wp\/v2\/posts\/19021\/revisions\/19026"}],"wp:attachment":[{"href":"https:\/\/blogs.correiobraziliense.com.br\/servidor\/wp-json\/wp\/v2\/media?parent=19021"}],"wp:term":[{"taxonomy":"category","embeddable":true,"href":"https:\/\/blogs.correiobraziliense.com.br\/servidor\/wp-json\/wp\/v2\/categories?post=19021"},{"taxonomy":"post_tag","embeddable":true,"href":"https:\/\/blogs.correiobraziliense.com.br\/servidor\/wp-json\/wp\/v2\/tags?post=19021"}],"curies":[{"name":"wp","href":"https:\/\/api.w.org\/{rel}","templated":true}]}}