{"id":19014,"date":"2021-02-09T17:03:18","date_gmt":"2021-02-09T20:03:18","guid":{"rendered":"https:\/\/blogs.correiobraziliense.com.br\/servidor\/?p=19014"},"modified":"2021-02-09T17:03:18","modified_gmt":"2021-02-09T20:03:18","slug":"o-movimento-a-servico-do-brasil-diz-que-tramitacao-da-reforma-administrativa-oficializa-apoio-politico-em-troca-de-cargos","status":"publish","type":"post","link":"https:\/\/blogs.correiobraziliense.com.br\/servidor\/o-movimento-a-servico-do-brasil-diz-que-tramitacao-da-reforma-administrativa-oficializa-apoio-politico-em-troca-de-cargos\/","title":{"rendered":"O Movimento a Servi\u00e7o do Brasil diz que tramita\u00e7\u00e3o da reforma administrativa oficializa &#8220;apoio pol\u00edtico em troca de cargos&#8221;"},"content":{"rendered":"<p><em><strong>Por meio de nota, o Movimento a Servi\u00e7o do Brasil destaca que &#8220;a\u00a0fragilidade da reforma administrativa se comprova pela implementa\u00e7\u00e3o do sigilo nos dados utilizados para elabora\u00e7\u00e3o da proposta pelo Minist\u00e9rio da Economia&#8221;.\u00a0Diz, ainda, que &#8220;o\u00a0servi\u00e7o p\u00fablico, que atualmente atende diretamente a popula\u00e7\u00e3o, deixar\u00e1 de ser um servi\u00e7o de Estado e passar\u00e1 a ser uma domin\u00e2ncia do governante em exerc\u00edcio&#8221;<\/strong><\/em><\/p>\n<p><img loading=\"lazy\" decoding=\"async\" class=\"alignright size-full wp-image-19015\" src=\"https:\/\/blogs.correiobraziliense.com.br\/servidor\/wp-content\/uploads\/sites\/10\/2021\/02\/ADMINISTRATIVA-SINDSEP-PE.jpg\" alt=\"\" width=\"850\" height=\"545\" srcset=\"https:\/\/blogs.correiobraziliense.com.br\/servidor\/wp-content\/uploads\/sites\/10\/2021\/02\/ADMINISTRATIVA-SINDSEP-PE.jpg 850w, https:\/\/blogs.correiobraziliense.com.br\/servidor\/wp-content\/uploads\/sites\/10\/2021\/02\/ADMINISTRATIVA-SINDSEP-PE-300x192.jpg 300w, https:\/\/blogs.correiobraziliense.com.br\/servidor\/wp-content\/uploads\/sites\/10\/2021\/02\/ADMINISTRATIVA-SINDSEP-PE-768x492.jpg 768w, https:\/\/blogs.correiobraziliense.com.br\/servidor\/wp-content\/uploads\/sites\/10\/2021\/02\/ADMINISTRATIVA-SINDSEP-PE-800x513.jpg 800w, https:\/\/blogs.correiobraziliense.com.br\/servidor\/wp-content\/uploads\/sites\/10\/2021\/02\/ADMINISTRATIVA-SINDSEP-PE-550x353.jpg 550w, https:\/\/blogs.correiobraziliense.com.br\/servidor\/wp-content\/uploads\/sites\/10\/2021\/02\/ADMINISTRATIVA-SINDSEP-PE-230x147.jpg 230w\" sizes=\"auto, (max-width: 850px) 100vw, 850px\" \/><\/p>\n<p><em><strong>Ilustra\u00e7\u00e3o: Sindsep-PE<\/strong><\/em><\/p>\n<p>Veja a nota:<\/p>\n<p>&#8220;O Movimento a Servi\u00e7o do Brasil entende que o encaminhamento da proposta de reforma administrativa para a CCJ refor\u00e7a a falta de compromisso do governo e Congresso Nacional com a sociedade. No momento de fragilidade da popula\u00e7\u00e3o, os esfor\u00e7os s\u00e3o direcionados para a transforma\u00e7\u00e3o do setor p\u00fablico em um grande balc\u00e3o de neg\u00f3cios, oficializando apoio pol\u00edtico em troca de cargos e impulsionando a corrup\u00e7\u00e3o com o fim da estabilidade do servidor p\u00fablico.<\/p>\n<p>A proposta apresentada afirma que a reforma trar\u00e1 uma economia, algo n\u00e3o comprovado, al\u00e9m de excluir as carreiras da elite. A fragilidade da reforma administrativa se comprova pela implementa\u00e7\u00e3o do sigilo nos dados utilizados para elabora\u00e7\u00e3o da proposta pelo Minist\u00e9rio da Economia. Concentrar os esfor\u00e7os de deputados e senadores em torno de uma reforma administrativa extremamente falha, question\u00e1vel e que fragiliza a presta\u00e7\u00e3o do servi\u00e7o demonstra que as necessidades da sociedade em plena pandemia s\u00e3o completamente ignoradas pelo governo.<\/p>\n<p>O servi\u00e7o p\u00fablico, que atualmente atende diretamente a popula\u00e7\u00e3o, deixar\u00e1 de ser um servi\u00e7o de Estado e passar\u00e1 a ser uma domin\u00e2ncia do governante em exerc\u00edcio. Ao longo dos \u00faltimos anos, acompanhamos os perigos da m\u00e1 gest\u00e3o e interfer\u00eancia de governantes nos \u00f3rg\u00e3os p\u00fablicos, limitando a atua\u00e7\u00e3o legal dos servidores em prol dos interesses coletivos e do pa\u00eds.<\/p>\n<p>A pandemia demonstra o papel essencial do servi\u00e7o p\u00fablico para a sociedade. A atua\u00e7\u00e3o dos servidores est\u00e1 evitando uma trag\u00e9dia ainda maior. Os esfor\u00e7os, principalmente dos profissionais do Sistema \u00danico de Sa\u00fade (SUS), pela conscientiza\u00e7\u00e3o popular, pesquisas, vacina\u00e7\u00e3o, tratamento e acolhimento da sociedade salvam vidas. A reforma administrativa \u00e9 extremamente falha e colocar\u00e1 em risco o atendimento \u00e0 popula\u00e7\u00e3o em todos os cantos e setores do pa\u00eds, al\u00e9m fragilizar o combate \u00e0 corrup\u00e7\u00e3o e liberar a concentra\u00e7\u00e3o total para a cria\u00e7\u00e3o de cargos na m\u00e3o dos governantes.&#8221;<\/p>\n<p>Movimento a Servi\u00e7o do Brasil<\/p>\n","protected":false},"excerpt":{"rendered":"<p>Por meio de nota, o Movimento a Servi\u00e7o do Brasil destaca que &#8220;a\u00a0fragilidade da reforma administrativa se comprova pela implementa\u00e7\u00e3o do sigilo nos dados utilizados para elabora\u00e7\u00e3o da proposta pelo Minist\u00e9rio da Economia&#8221;.\u00a0Diz, ainda, que &#8220;o\u00a0servi\u00e7o p\u00fablico, que atualmente atende diretamente a popula\u00e7\u00e3o, deixar\u00e1 de ser um servi\u00e7o de Estado e passar\u00e1 a ser uma domin\u00e2ncia do governante em exerc\u00edcio&#8221; [&hellip;]<\/p>\n","protected":false},"author":27,"featured_media":0,"comment_status":"open","ping_status":"closed","sticky":false,"template":"","format":"standard","meta":{"footnotes":""},"categories":[2719],"tags":[2187,693,205,167,620,56,18742,98,14327,18419,545,15938,575,58,6516,351],"class_list":["post-19014","post","type-post","status-publish","format-standard","hentry","category-servidor","tag-ccj","tag-congresso-nacional","tag-corrupcao","tag-dados","tag-estabilidade","tag-estado","tag-governante","tag-governo","tag-ministerio-da-economia","tag-movimento-a-servico-do-brasil","tag-populacao","tag-reforma-administrativa","tag-servico-publico","tag-servidores","tag-sigilo","tag-sociedade"],"_links":{"self":[{"href":"https:\/\/blogs.correiobraziliense.com.br\/servidor\/wp-json\/wp\/v2\/posts\/19014","targetHints":{"allow":["GET"]}}],"collection":[{"href":"https:\/\/blogs.correiobraziliense.com.br\/servidor\/wp-json\/wp\/v2\/posts"}],"about":[{"href":"https:\/\/blogs.correiobraziliense.com.br\/servidor\/wp-json\/wp\/v2\/types\/post"}],"author":[{"embeddable":true,"href":"https:\/\/blogs.correiobraziliense.com.br\/servidor\/wp-json\/wp\/v2\/users\/27"}],"replies":[{"embeddable":true,"href":"https:\/\/blogs.correiobraziliense.com.br\/servidor\/wp-json\/wp\/v2\/comments?post=19014"}],"version-history":[{"count":1,"href":"https:\/\/blogs.correiobraziliense.com.br\/servidor\/wp-json\/wp\/v2\/posts\/19014\/revisions"}],"predecessor-version":[{"id":19016,"href":"https:\/\/blogs.correiobraziliense.com.br\/servidor\/wp-json\/wp\/v2\/posts\/19014\/revisions\/19016"}],"wp:attachment":[{"href":"https:\/\/blogs.correiobraziliense.com.br\/servidor\/wp-json\/wp\/v2\/media?parent=19014"}],"wp:term":[{"taxonomy":"category","embeddable":true,"href":"https:\/\/blogs.correiobraziliense.com.br\/servidor\/wp-json\/wp\/v2\/categories?post=19014"},{"taxonomy":"post_tag","embeddable":true,"href":"https:\/\/blogs.correiobraziliense.com.br\/servidor\/wp-json\/wp\/v2\/tags?post=19014"}],"curies":[{"name":"wp","href":"https:\/\/api.w.org\/{rel}","templated":true}]}}