{"id":1901,"date":"2016-06-14T14:44:04","date_gmt":"2016-06-14T17:44:04","guid":{"rendered":"https:\/\/blogs.correiobraziliense.com.br\/servidor\/?p=1901"},"modified":"2016-06-14T14:44:04","modified_gmt":"2016-06-14T17:44:04","slug":"analistas-da-receita-indignados-ampliam-mobilizacao","status":"publish","type":"post","link":"https:\/\/blogs.correiobraziliense.com.br\/servidor\/analistas-da-receita-indignados-ampliam-mobilizacao\/","title":{"rendered":"Analistas da Receita, indignados, ampliam mobiliza\u00e7\u00e3o"},"content":{"rendered":"<p><em>Dia Nacional do SIM: Sindireceita convoca analistas-tribut\u00e1rios para ampliar mobiliza\u00e7\u00e3o nesta quinta-feira, dia 16 de junho<\/em><\/p>\n<p>Por meio de nota, o Sindireceita informou que a morosidade no encaminhamento e aprova\u00e7\u00e3o do Projeto de Lei (PL) do acordo remunerat\u00f3rio dos analistas-tribut\u00e1rios vem gerando, nas \u00faltimas semanas, uma indigna\u00e7\u00e3o maci\u00e7a da categoria em todo pa\u00eds, por isso, a Diretoria Executiva Nacional (DEN) refor\u00e7a necessidade de expandir nesta quinta-feira, dia 16 de junho, a mobiliza\u00e7\u00e3o \u201cDia Nacional do SIM.<\/p>\n<p>A DEN ressalta que o engajamento unificado de toda a categoria representa, neste momento, a melhor ferramenta de luta para garantir avan\u00e7os na tramita\u00e7\u00e3o da negocia\u00e7\u00e3o salarial, assinado dia 23 de mar\u00e7o, com o Minist\u00e9rio do Planejamento, Or\u00e7amento e Gest\u00e3o (MPOG), al\u00e9m de fortalecer o rep\u00fadio contra o quadro de inconsist\u00eancias das atribui\u00e7\u00f5es nas atividades da carreira no resultado da an\u00e1lise de atribui\u00e7\u00f5es do Mapeamento de Processos de Trabalho da Receita Federal.<\/p>\n<p>&#8220;Recentemente, a C\u00e2mara dos Deputados aprovou projetos de reajustes salariais para categorias de servidores dos poderes Executivo, Legislativo, Judici\u00e1rio e para a Procuradoria-Geral da Rep\u00fablica, al\u00e9m de militares. No entanto, nenhum posicionamento formal foi apresentado por parte do governo sobre o Projeto de Lei (PL) do acordo remunerat\u00f3rio dos analistas-tribut\u00e1rios&#8221;, diz a nota.<\/p>\n<p>Neste \u201cDia Nacional do SIM\u201d, 16 de junho, a DEN reitera, mais uma vez, a necessidade de manter a categoria mobilizada para que o processo de negocia\u00e7\u00e3o n\u00e3o sofra retrocesso. A DEN orienta os delegados sindicais do Sindireceita para que re\u00fanam os Analistas-Tribut\u00e1rios no dia do sim e que discutam os temas encaminhados. Ainda hoje, 14 de junho, ser\u00e1 publicado um editorial sobre o encaminhamento do PL e, se n\u00e3o houver novidade nos pr\u00f3ximos dias, ser\u00e1 convocada AGNU para a pr\u00f3xima semana com vistas a intensificar a mobiliza\u00e7\u00e3o.<\/p>\n","protected":false},"excerpt":{"rendered":"<p>Dia Nacional do SIM: Sindireceita convoca analistas-tribut\u00e1rios para ampliar mobiliza\u00e7\u00e3o nesta quinta-feira, dia 16 de junho Por meio de nota, o Sindireceita informou que a morosidade no encaminhamento e aprova\u00e7\u00e3o do Projeto de Lei (PL) do acordo remunerat\u00f3rio dos analistas-tribut\u00e1rios vem gerando, nas \u00faltimas semanas, uma indigna\u00e7\u00e3o maci\u00e7a da categoria em todo pa\u00eds, por isso, a Diretoria Executiva Nacional (DEN) [&hellip;]<\/p>\n","protected":false},"author":27,"featured_media":0,"comment_status":"open","ping_status":"closed","sticky":false,"template":"","format":"standard","meta":{"footnotes":""},"categories":[1],"tags":[112,2287,2286,2288,98,2215,481,2284,1031,294,2232,459],"class_list":["post-1901","post","type-post","status-publish","format-standard","hentry","category-sem-categoria","tag-acordo","tag-ampliam","tag-analistas-tributario","tag-encaminhamento","tag-governo","tag-indignados","tag-mobilizacao","tag-morosidade","tag-pl","tag-receita-federal","tag-remuneratorio","tag-sindireceita"],"_links":{"self":[{"href":"https:\/\/blogs.correiobraziliense.com.br\/servidor\/wp-json\/wp\/v2\/posts\/1901","targetHints":{"allow":["GET"]}}],"collection":[{"href":"https:\/\/blogs.correiobraziliense.com.br\/servidor\/wp-json\/wp\/v2\/posts"}],"about":[{"href":"https:\/\/blogs.correiobraziliense.com.br\/servidor\/wp-json\/wp\/v2\/types\/post"}],"author":[{"embeddable":true,"href":"https:\/\/blogs.correiobraziliense.com.br\/servidor\/wp-json\/wp\/v2\/users\/27"}],"replies":[{"embeddable":true,"href":"https:\/\/blogs.correiobraziliense.com.br\/servidor\/wp-json\/wp\/v2\/comments?post=1901"}],"version-history":[{"count":1,"href":"https:\/\/blogs.correiobraziliense.com.br\/servidor\/wp-json\/wp\/v2\/posts\/1901\/revisions"}],"predecessor-version":[{"id":1902,"href":"https:\/\/blogs.correiobraziliense.com.br\/servidor\/wp-json\/wp\/v2\/posts\/1901\/revisions\/1902"}],"wp:attachment":[{"href":"https:\/\/blogs.correiobraziliense.com.br\/servidor\/wp-json\/wp\/v2\/media?parent=1901"}],"wp:term":[{"taxonomy":"category","embeddable":true,"href":"https:\/\/blogs.correiobraziliense.com.br\/servidor\/wp-json\/wp\/v2\/categories?post=1901"},{"taxonomy":"post_tag","embeddable":true,"href":"https:\/\/blogs.correiobraziliense.com.br\/servidor\/wp-json\/wp\/v2\/tags?post=1901"}],"curies":[{"name":"wp","href":"https:\/\/api.w.org\/{rel}","templated":true}]}}