{"id":19009,"date":"2021-02-09T14:24:18","date_gmt":"2021-02-09T17:24:18","guid":{"rendered":"https:\/\/blogs.correiobraziliense.com.br\/servidor\/?p=19009"},"modified":"2021-02-09T14:24:18","modified_gmt":"2021-02-09T17:24:18","slug":"dos-377-milhoes-de-idosos-no-pais-25-testaram-positivo-para-covid-19","status":"publish","type":"post","link":"https:\/\/blogs.correiobraziliense.com.br\/servidor\/dos-377-milhoes-de-idosos-no-pais-25-testaram-positivo-para-covid-19\/","title":{"rendered":"Dos 37,7 milh\u00f5es de idosos no pa\u00eds, 2,5% testaram positivo para covid-19"},"content":{"rendered":"<p><em><strong>Em Bras\u00edlia, o percentual de contaminados sobre para 6% do total de 401 mil pessoas, de acordo com levantamento do Departamento Intersindical de Estat\u00edsticas e Estudos Socioecon\u00f4micos (Dieese).\u00a0O estudo aponta, ainda, que, no pa\u00eds, apenas 32% das pessoas com 60 anos ou mais t\u00eam plano de sa\u00fade. No DF s\u00e3o 42% com assist\u00eancia m\u00e9dica. E que 58% t\u00eam comorbidades (60% no DF)<\/strong><\/em><\/p>\n<p><img loading=\"lazy\" decoding=\"async\" class=\"alignright size-large wp-image-19010\" src=\"https:\/\/blogs.correiobraziliense.com.br\/servidor\/wp-content\/uploads\/sites\/10\/2021\/02\/DIEESE-PERFIL-MAIS-DE-60-1024x768.jpg\" alt=\"\" width=\"1024\" height=\"768\" \/><\/p>\n","protected":false},"excerpt":{"rendered":"<p>Em Bras\u00edlia, o percentual de contaminados sobre para 6% do total de 401 mil pessoas, de acordo com levantamento do Departamento Intersindical de Estat\u00edsticas e Estudos Socioecon\u00f4micos (Dieese).\u00a0O estudo aponta, ainda, que, no pa\u00eds, apenas 32% das pessoas com 60 anos ou mais t\u00eam plano de sa\u00fade. No DF s\u00e3o 42% com assist\u00eancia m\u00e9dica. E que 58% t\u00eam comorbidades (60% [&hellip;]<\/p>\n","protected":false},"author":27,"featured_media":0,"comment_status":"open","ping_status":"closed","sticky":false,"template":"","format":"standard","meta":{"footnotes":""},"categories":[2719],"tags":[17335,17256,68,2026,443,1054],"class_list":["post-19009","post","type-post","status-publish","format-standard","hentry","category-servidor","tag-contaminados","tag-covid-19","tag-df","tag-dieese","tag-idosos","tag-planos-de-saude"],"_links":{"self":[{"href":"https:\/\/blogs.correiobraziliense.com.br\/servidor\/wp-json\/wp\/v2\/posts\/19009","targetHints":{"allow":["GET"]}}],"collection":[{"href":"https:\/\/blogs.correiobraziliense.com.br\/servidor\/wp-json\/wp\/v2\/posts"}],"about":[{"href":"https:\/\/blogs.correiobraziliense.com.br\/servidor\/wp-json\/wp\/v2\/types\/post"}],"author":[{"embeddable":true,"href":"https:\/\/blogs.correiobraziliense.com.br\/servidor\/wp-json\/wp\/v2\/users\/27"}],"replies":[{"embeddable":true,"href":"https:\/\/blogs.correiobraziliense.com.br\/servidor\/wp-json\/wp\/v2\/comments?post=19009"}],"version-history":[{"count":1,"href":"https:\/\/blogs.correiobraziliense.com.br\/servidor\/wp-json\/wp\/v2\/posts\/19009\/revisions"}],"predecessor-version":[{"id":19011,"href":"https:\/\/blogs.correiobraziliense.com.br\/servidor\/wp-json\/wp\/v2\/posts\/19009\/revisions\/19011"}],"wp:attachment":[{"href":"https:\/\/blogs.correiobraziliense.com.br\/servidor\/wp-json\/wp\/v2\/media?parent=19009"}],"wp:term":[{"taxonomy":"category","embeddable":true,"href":"https:\/\/blogs.correiobraziliense.com.br\/servidor\/wp-json\/wp\/v2\/categories?post=19009"},{"taxonomy":"post_tag","embeddable":true,"href":"https:\/\/blogs.correiobraziliense.com.br\/servidor\/wp-json\/wp\/v2\/tags?post=19009"}],"curies":[{"name":"wp","href":"https:\/\/api.w.org\/{rel}","templated":true}]}}